{"id":75996,"date":"2020-02-13T15:14:28","date_gmt":"2020-02-13T20:14:28","guid":{"rendered":"https:\/\/linitiative.ca\/International\/equipe-dalgerie-exclusif-bennacer-si-belmadi-dit-quil-veut-gagner-la-cm-2022-il-sait-de-quoi-on-est-capables\/"},"modified":"2020-02-13T15:14:28","modified_gmt":"2020-02-13T20:14:28","slug":"equipe-dalgerie-exclusif-bennacer-si-belmadi-dit-quil-veut-gagner-la-cm-2022-il-sait-de-quoi-on-est-capables","status":"publish","type":"post","link":"https:\/\/linitiative.ca\/International\/equipe-dalgerie-exclusif-bennacer-si-belmadi-dit-quil-veut-gagner-la-cm-2022-il-sait-de-quoi-on-est-capables\/","title":{"rendered":"Equipe d&rsquo;Alg\u00e9rie : Exclusif: Bennacer \u00abSi Belmadi dit qu\u2019il veut gagner la CM 2022, il sait de quoi on est capables\u00bb"},"content":{"rendered":"<p>Sortant d\u2019un match plein malgr\u00e9 la d\u00e9faite de son \u00e9quipe lors du derby de la Madonnina contre l\u2019Inter Milan, le milieu de terrain alg\u00e9rien du Milan AC, Isma\u00ebl Bennacer, revient en exclusivit\u00e9 au Buteur sur cette soir\u00e9e v\u00e9cue au San Siro devant plus de 85 000 supporteurs. L\u2019ancien joueur d\u2019Arsenal nous parle aussi des ambitions du s\u00e9lectionneur national Djamel Belmadi en cas de qualification en Coupe du monde 2022 qu\u2019il juge du reste l\u00e9gitimes. Bennacer, toujours aussi pr\u00e9cis dans ses r\u00e9ponses, \u00e9voque l\u2019arriv\u00e9e et l\u2019apport important de Zlatan Ibrahimovic dans sa progression et celle du club milanais. Bien s\u00fbr, Isma\u00ebl nous livre avec plaisir ses impressions sur le groupe de l\u2019Alg\u00e9rie dans ces \u00e9liminatoires qualificatives au prochain Mondial qui aura lieu au Qatar en hiver 2022.<\/p>\n<p><strong>Isma\u00ebl, vous avez \u00e9t\u00e9 l\u2019une des grandes r\u00e9v\u00e9lations du Milan AC cette saison, on voudrait avoir votre avis sur votre match sorti lors du derby jou\u00e9 contre l\u2019Inter Milan ?<\/strong><\/p>\n<p>Je dois dire que comme je n\u2019avais pas pris part au match d\u2019avant pour cause de suspension, j\u2019ai manqu\u00e9 un peu de rythme au d\u00e9but, car je suis un joueur qui habituellement encha\u00eene les matchs pratiquement chaque quatre ou cinq jours, apr\u00e8s, Hamdoulillah, c\u2019\u00e9tait une rencontre avec une grande intensit\u00e9. On a pu le v\u00e9rifier par rapport au d\u00e9roulement et au r\u00e9sultat de cette empoignade. Maintenant, on n\u2019a pas trop le temps de gamberger, un autre grand rendez-vous nous attend.<\/p>\n<p><strong>Sur le plan personnel, d\u2019aucuns estiment que vous avez \u00e9t\u00e9 l\u2019une des rares satisfactions du Milan dans ce match. Votre r\u00e9action ?<\/strong><\/p>\n<p>C\u2019\u00e9tait mon premier grand derby, on va dire de ma carri\u00e8re, et je dirai que sur le plan personnel, je pense que \u00e7a s\u2019est plut\u00f4t bien pass\u00e9 avec pas mal de kilom\u00e8tres parcourus et plein de choses positives \u00e0 perfectionner bien s\u00fbr. Dommage, il y a une d\u00e9faite au bout mais bon il va falloir tirer au clair tout cela et rectifier le tir. Apr\u00e8s, il y avait aussi plus de 80 000 supporteurs au San Siro, c\u2019\u00e9tait exceptionnel.<\/p>\n<p><strong>Sur le plan \u00e9motionnel, c\u2019\u00e9tait le premier grand moment de votre jeune carri\u00e8re, apr\u00e8s peut-\u00eatre la finale de la CAN 2019 gagn\u00e9e l\u2019\u00e9t\u00e9 dernier avec la s\u00e9lection dans un stade plein\u2026<\/strong><\/p>\n<p>\u00a0On va dire qu\u2019il y avait des matchs cette ann\u00e9e o\u00f9 c\u2019\u00e9tait plein aussi mais l\u00e0 pour le derby, c\u2019est sp\u00e9cial. Le stade \u00e9tait plein \u00e0 craquer, \u00e7a n\u2019arr\u00eatait pas de chanter, l\u2019ambiance est vraiment incroyable. C\u2019est fabuleux de vivre et de jouer un tel match. Je dirai que depuis la finale de la CAN, c\u2019est le match le plus important que j\u2019ai jou\u00e9.<\/p>\n<p><strong>Du coup, apr\u00e8s Albertini et Pirlo qui ont parl\u00e9 de votre talent avant le match, c\u2019\u00e9tait au tour des grandes l\u00e9gendes du football italien comme Bergomi et Tassotti d\u2019\u00e9voquer votre importance dans l\u2019\u00e9quipe milanaise. Un commentaire ?<\/strong><\/p>\n<p>C\u2019est toujours encourageant d\u2019entendre des l\u00e9gendes du football \u00e9voquer tes qualit\u00e9s. C\u2019est aussi bien que ces \u00e9loges proviennent des anciennes l\u00e9gendes de l\u2019Inter Milan comme Bergomi et aussi Tassotti qui fait partie de la grande \u00e9poque du Milan AC. Apr\u00e8s, comme je l\u2019ai dit, au Milan AC, il faut bien dig\u00e9rer la pression qu\u2019on peut ressentir quand on joue pour un g\u00e9ant ensuite bien se concentrer pour se montrer \u00e0 la hauteur de ce club l\u00e9gendaire.<\/p>\n<p><strong>Et qu\u2019est-ce que cela vous fait ?<\/strong><\/p>\n<p>\u00c7a me fait chaud au c\u0153ur, cela signifie que le s\u00e9rieux et le travail accomplis jusqu\u2019ici sont reconnus. On va dire que tout le monde est d\u2019accord que je suis en progression et sur le droit chemin avec le Milan AC. \u00c7a me donne envie de continuer \u00e0 bosser et am\u00e9liorer mes qualit\u00e9s pour d\u00e9montrer ce que je sais faire et apporter \u00e0 cette \u00e9quipe milanaise. Avec Pioli \u00e7a se passe tr\u00e8s bien depuis qu\u2019il est l\u00e0, vous arrivez \u00e0 encha\u00eener les bonnes performances.<\/p>\n<p><strong>\u00a0Comment vous vous sentez ?<\/strong><\/p>\n<p>Tr\u00e8s bien, l\u2019entra\u00eeneur Pioli a ramen\u00e9 de la s\u00e9r\u00e9nit\u00e9 dans notre jeu et les r\u00e9sultats ont suivi malgr\u00e9 ce revers contre l\u2019Inter. Il n\u2019est plus \u00e0 pr\u00e9senter en Italie. Sa qualit\u00e9 de te mettre en confiance pour donner le maximum sur le terrain est tr\u00e8s connue.<\/p>\n<p><strong>Vous jouez dans un nouveau r\u00f4le, parlez-nous un petit peu de votre positionnement sur le terrain avec Pioli ?<\/strong><\/p>\n<p>\u00a0Je suis toujours dans un r\u00f4le plut\u00f4t d\u00e9fensif. Je suis align\u00e9 souvent avec mon ami Kessier, on joue tous les deux au milieu du terrain. Pour le moment, \u00e7a se passe tr\u00e8s bien, on est compl\u00e9mentaires, on essaye d\u2019apporter notre aide \u00e0 l\u2019\u00e9quipe. Bien entendu, je travaille et j\u2019apprends car je sais qu\u2019il me reste encore beaucoup de trucs \u00e0 revoir et acqu\u00e9rir. En Italie, on apprend tout le temps. Chaque entra\u00eenement est une nouvelle le\u00e7on tactique pour un joueur qui d\u00e9barque en Serie A.<\/p>\n<p><strong>\u00a0Ibrahimovic arrive cet hiver et les r\u00e9sultats ont aussi suivi. Vous avez vu des grands joueurs \u00e0 Arsenal. Ibra est exceptionnel, n\u2019est-ce pas ?<\/strong><\/p>\n<p>Oui, bien s\u00fbr, avec des grandes stars comme Ibra, on ne peut que progresser dans le football. Malgr\u00e9 la carri\u00e8re qu\u2019il a faite et les titres qu\u2019il a gagn\u00e9s, il a toujours faim, il cherche toujours \u00e0 nous montrer la voie en donnant le maximum. Comment vous le trouvez en tant qu\u2019\u00e9quipier ? Il est tr\u00e8s exigeant que ce soit \u00e0 l\u2019entra\u00eenement ou pendant le match, c\u2019est tr\u00e8s important pour le groupe. Pour un jeune comme moi, m\u2019entra\u00eener ou jouer avec lui est une chance inesp\u00e9r\u00e9e pour apprendre et progresser rapidement. Franchement, sa pr\u00e9sence avec nous m\u2019aide \u00e9norm\u00e9ment.<\/p>\n<p><strong>Il vous aide beaucoup \u00e0 l\u2019entra\u00eenement pour progresser, c\u2019est bien cela ?<\/strong><\/p>\n<p>Exactement, il me parle beaucoup, c\u2019est quelqu\u2019un de tr\u00e8s modeste, il nous conseille et nous pousse \u00e0 tout donner. Apr\u00e8s, ce n\u2019est pas le joueur qui vient te dire tu as \u00e9t\u00e9 le meilleur, il sait comment nous encourager et nous rendre service. Passons au groupe des Verts dans ces \u00e9liminatoires CM 2022. Quelle est votre impression sur cette poule compos\u00e9e du Niger, du Burkina Faso et du Djibouti? Vous savez, mon impression n\u2019aurait pas chang\u00e9 quoi qu\u2019il arrive. Je veux dire que quelle que soit la nature des adversaires dans le groupe, je garderai la m\u00eame motivation et on jouera avec la m\u00eame d\u00e9termination lors des matchs des \u00e9liminatoires.<\/p>\n<p><strong>Les observateurs s\u2019accordent \u00e0 dire que ce sont des adversaires \u00e0 la port\u00e9e de la s\u00e9lection, mais vous ne croyez pas qu\u2019il faut se m\u00e9fier quand m\u00eame des petits poucets?<\/strong><\/p>\n<p>Je peux \u00eatre d\u2019accord surtout que l\u2019Afrique nous a appris qu\u2019un match n\u2019est jamais gagn\u00e9 d\u2019avance notamment \u00e0 l\u2019ext\u00e9rieur avec les conditions climatiques tr\u00e8s sp\u00e9ciales l\u00e0-bas. Il faudra donc toujours faire le travail et nous battre pour accrocher le r\u00e9sultat souhait\u00e9. Donc que ce soit contre le Niger, le Djibouti ou le Burkina, il faudra tout donner et m\u00eame plus pour se qualifier puisque le Mondial est un objectif et un r\u00eave que tout joueur professionnel souhaite disputer.<\/p>\n<p><strong>Il faudra peut-\u00eatre aussi s\u2019attendre \u00e0 une bagarre face au Burkina Faso. \u00cates-vous de cet avis ?<\/strong><\/p>\n<p>\u00a0Oui, sans diminuer du danger des autres s\u00e9lections, le Burkina Faso est une belle \u00e9quipe. Inch\u2019Allah on va bien \u00e9tudier nos adversaires avec le staff technique et le coach Belmadi comme on a l\u2019habitude de le faire et on fera en sorte de tout donner pour gagner et nous qualifier.<\/p>\n<p><strong>Djamel Belmadi a \u00e9t\u00e9 tr\u00e8s clair, si on se qualifie pour cette Coupe du monde qui se jouera \u00e0 Doha, on va aller jouer toutes nos chances l\u00e0-bas et pourquoi pas aller en finale. D\u2019o\u00f9 provient cette confiance ?<\/strong><\/p>\n<p>Bien s\u00fbr, on est des professionnels, on n\u2019entre jamais sur un terrain de football pour perdre. Ce message, on l\u2019a entendu et compris, on adh\u00e8re tous \u00e0 l\u2019\u00e9tat d\u2019esprit instaur\u00e9 par Belmadi. Apr\u00e8s, si le coach le dit, c\u2019est qu\u2019il sait de quoi on est capables. Apr\u00e8s, Belmadi est surtout un grand coach, il sait de quoi il parle. Dans le football, rien n\u2019est impossible. On l\u2019a vu \u00e0 la CAN. On n\u2019a pas donn\u00e9 cher de notre peau mais le r\u00e9sultat on le conna\u00eet tous. Du coup, il faut viser plus haut pour ne rien regretter. Maintenant, on sait aussi qu\u2019il va falloir \u00eatre tr\u00e8s costauds pour assurer notre qualification, Inch\u2019Allah. Ensuite on verra.<\/p>\n<p><strong>Le public alg\u00e9rien est supporteur de Manchester City pour Mahrez mais aussi de tradition fan du Milan AC. Qu\u2019avez-vous \u00e0 leur dire maintenant qu\u2019ils sont \u00e0 cent pour cent Milanais pour vous, Isma ?<\/strong><\/p>\n<p>(Rires) Je les remercie d\u2019\u00eatre toujours l\u00e0 derri\u00e8re nous. C\u2019est mon peuple, ce sont nos supporteurs, je joue pour eux aussi, pour les rendre fiers. Il n\u2019y a pas plus beau que d\u2019avoir la reconnaissance de son peuple. Inch\u2019Allah, je continuerai \u00e0 faire mon possible pour eux et pour tous ceux qui m\u2019entourent.<\/p>\n<p><strong>Entretien r\u00e9alis\u00e9 par Moumen A\u00eft Kaci Ali<\/strong><\/p>\n<p><strong>Publi\u00e9 dans :<\/strong> <span>Maldini<\/span> <span>djamel belmadi<\/span> <span>BENNACER<\/span> <span>Boban et Maldini<\/span><\/p>\n<p>Auteur:<br \/>\n<a href=\"http:\/\/www.lebuteur.com\/article\/detail?titre=exclusif-bennacer-si-belmadi-dit-quil-veut-gagner-la-cm-2022-il-sait-de-quoi-on-est-capables&#038;id=94792&#038;utm_source=feedburner&#038;utm_medium=feed&#038;utm_campaign=Feed%3A+GalerieFArtciles+%28Les+derniers+articles++-+lebuteur.com%29\">Cliquez ici pour lire l&rsquo;article depuis sa source.<\/a><\/p>\n","protected":false},"excerpt":{"rendered":"<p>Sortant d\u2019un match plein malgr\u00e9 la d\u00e9faite de son \u00e9quipe lors du derby de la Madonnina contre l\u2019Inter Milan, le milieu de terrain alg\u00e9rien du Milan AC, Isma\u00ebl Bennacer, revient en exclusivit\u00e9 au Buteur sur cette soir\u00e9e v\u00e9cue au San Siro devant plus de 85 000 supporteurs. L\u2019ancien joueur d\u2019Arsenal nous parle aussi des ambitions [&hellip;]<\/p>\n","protected":false},"author":1738,"featured_media":75997,"comment_status":"closed","ping_status":"closed","sticky":false,"template":"","format":"standard","meta":{"fifu_image_url":"","fifu_image_alt":"","footnotes":""},"categories":[53,75],"tags":[],"class_list":["post-75996","post","type-post","status-publish","format-standard","has-post-thumbnail","hentry","category-algerie","category-sport"],"_links":{"self":[{"href":"https:\/\/linitiative.ca\/International\/wp-json\/wp\/v2\/posts\/75996","targetHints":{"allow":["GET"]}}],"collection":[{"href":"https:\/\/linitiative.ca\/International\/wp-json\/wp\/v2\/posts"}],"about":[{"href":"https:\/\/linitiative.ca\/International\/wp-json\/wp\/v2\/types\/post"}],"author":[{"embeddable":true,"href":"https:\/\/linitiative.ca\/International\/wp-json\/wp\/v2\/users\/1738"}],"replies":[{"embeddable":true,"href":"https:\/\/linitiative.ca\/International\/wp-json\/wp\/v2\/comments?post=75996"}],"version-history":[{"count":0,"href":"https:\/\/linitiative.ca\/International\/wp-json\/wp\/v2\/posts\/75996\/revisions"}],"wp:featuredmedia":[{"embeddable":true,"href":"https:\/\/linitiative.ca\/International\/wp-json\/"}],"wp:attachment":[{"href":"https:\/\/linitiative.ca\/International\/wp-json\/wp\/v2\/media?parent=75996"}],"wp:term":[{"taxonomy":"category","embeddable":true,"href":"https:\/\/linitiative.ca\/International\/wp-json\/wp\/v2\/categories?post=75996"},{"taxonomy":"post_tag","embeddable":true,"href":"https:\/\/linitiative.ca\/International\/wp-json\/wp\/v2\/tags?post=75996"}],"curies":[{"name":"wp","href":"https:\/\/api.w.org\/{rel}","templated":true}]}}