{"id":75998,"date":"2020-02-13T15:14:32","date_gmt":"2020-02-13T20:14:32","guid":{"rendered":"https:\/\/linitiative.ca\/International\/pros-patrick-vieira-ounas-debutera-le-match-contre-toulouse\/"},"modified":"2020-02-13T15:14:32","modified_gmt":"2020-02-13T20:14:32","slug":"pros-patrick-vieira-ounas-debutera-le-match-contre-toulouse","status":"publish","type":"post","link":"https:\/\/linitiative.ca\/International\/pros-patrick-vieira-ounas-debutera-le-match-contre-toulouse\/","title":{"rendered":"Pros : Patrick Vieira : \u00abOunas d\u00e9butera le match contre Toulouse\u00bb"},"content":{"rendered":"<div readability=\"32\">\n<p>Auteur : <span class=\"time\">jeudi 13 f\u00e9vrier 2020 18:26<\/span><\/p>\n<\/div>\n<div id=\"post_core\" readability=\"39\">\n<p>Apr\u00e8s avoir purg\u00e9 ses deux matchs de suspension, le joueur milieu de terrain Alg\u00e9rien de l\u2019OGC Nice, Adam Ounas fera son retour \u00e0 la comp\u00e9tition ce samedi face au Toulouse FC\u00a0:\u00a0\u00abIl (Ounas) se sent tr\u00e8s bien. Sa suspension nous a permis de faire un peu plus de travail physique, athl\u00e9tique avec lui. Il d\u00e9butera le match.\u00bb a d\u00e9clar\u00e9 l\u2019entra\u00eeneur Ni\u00e7ois, Patrick Vieira.<\/p>\n<p><strong>Publi\u00e9 dans :<\/strong> <span>Ounas<\/span><\/p>\n<\/div>\n<p>Auteur:<br \/>\n<a href=\"http:\/\/www.lebuteur.com\/article\/detail?titre=patrick-vieira-ounas-debutera-le-match-contre-toulouse&#038;id=94793&#038;utm_source=feedburner&#038;utm_medium=feed&#038;utm_campaign=Feed%3A+GalerieFArtciles+%28Les+derniers+articles++-+lebuteur.com%29\">Cliquez ici pour lire l&rsquo;article depuis sa source.<\/a><\/p>\n","protected":false},"excerpt":{"rendered":"<p>Auteur : jeudi 13 f\u00e9vrier 2020 18:26 Apr\u00e8s avoir purg\u00e9 ses deux matchs de suspension, le joueur milieu de terrain Alg\u00e9rien de l\u2019OGC Nice, Adam Ounas fera son retour \u00e0 la comp\u00e9tition ce samedi face au Toulouse FC\u00a0:\u00a0\u00abIl (Ounas) se sent tr\u00e8s bien. Sa suspension nous a permis de faire un peu plus de travail [&hellip;]<\/p>\n","protected":false},"author":1738,"featured_media":75999,"comment_status":"closed","ping_status":"closed","sticky":false,"template":"","format":"standard","meta":{"fifu_image_url":"","fifu_image_alt":"","footnotes":""},"categories":[53,75],"tags":[],"class_list":["post-75998","post","type-post","status-publish","format-standard","has-post-thumbnail","hentry","category-algerie","category-sport"],"_links":{"self":[{"href":"https:\/\/linitiative.ca\/International\/wp-json\/wp\/v2\/posts\/75998","targetHints":{"allow":["GET"]}}],"collection":[{"href":"https:\/\/linitiative.ca\/International\/wp-json\/wp\/v2\/posts"}],"about":[{"href":"https:\/\/linitiative.ca\/International\/wp-json\/wp\/v2\/types\/post"}],"author":[{"embeddable":true,"href":"https:\/\/linitiative.ca\/International\/wp-json\/wp\/v2\/users\/1738"}],"replies":[{"embeddable":true,"href":"https:\/\/linitiative.ca\/International\/wp-json\/wp\/v2\/comments?post=75998"}],"version-history":[{"count":0,"href":"https:\/\/linitiative.ca\/International\/wp-json\/wp\/v2\/posts\/75998\/revisions"}],"wp:featuredmedia":[{"embeddable":true,"href":"https:\/\/linitiative.ca\/International\/wp-json\/"}],"wp:attachment":[{"href":"https:\/\/linitiative.ca\/International\/wp-json\/wp\/v2\/media?parent=75998"}],"wp:term":[{"taxonomy":"category","embeddable":true,"href":"https:\/\/linitiative.ca\/International\/wp-json\/wp\/v2\/categories?post=75998"},{"taxonomy":"post_tag","embeddable":true,"href":"https:\/\/linitiative.ca\/International\/wp-json\/wp\/v2\/tags?post=75998"}],"curies":[{"name":"wp","href":"https:\/\/api.w.org\/{rel}","templated":true}]}}