{"id":76018,"date":"2020-02-13T04:04:51","date_gmt":"2020-02-13T09:04:51","guid":{"rendered":"https:\/\/linitiative.ca\/International\/les-achats-algeriens-de-ble-tendre-augmentent\/"},"modified":"2020-02-13T04:04:51","modified_gmt":"2020-02-13T09:04:51","slug":"les-achats-algeriens-de-ble-tendre-augmentent","status":"publish","type":"post","link":"https:\/\/linitiative.ca\/International\/les-achats-algeriens-de-ble-tendre-augmentent\/","title":{"rendered":"Les achats alg\u00e9riens de bl\u00e9 tendre augmentent"},"content":{"rendered":"<h4 class=\"title-14\">Malgr\u00e9 la d\u00e9cision de limiter les importations<\/h4>\n<div class=\"featured_image\"><img loading=\"lazy\" decoding=\"async\" width=\"800\" height=\"491\" src=\"https:\/\/www.elwatan.com\/wp-content\/uploads\/2020\/02\/ble-coljpg.gif\" class=\"attachment-post-thumbnail size-post-thumbnail wp-post-image\" alt=\"\"\/><\/div>\n<p class=\"p3\"><span class=\"s1\"><strong>Le gouvernement avait d\u00e9cid\u00e9 en novembre dernier de plafonner les importations de c\u00e9r\u00e9ales, au vu de <em>\u00abl\u2019am\u00e9lioration de la production locale\u00bb,<\/em> mais aussi dans un souci de rationaliser les achats de bl\u00e9 tendre et de limiter les gaspillages de farine subventionn\u00e9e.<\/strong><\/span><\/p>\n<p class=\"p3\"><span class=\"s1\">L<\/span><span class=\"s1\">a d\u00e9cision de rationaliser les importations de c\u00e9r\u00e9ales, prise par les pouvoirs publics pour pr\u00e9server les ressources en devises du pays, n\u2019a pas tenu longtemps, au vu de la cadence imprim\u00e9e depuis des mois aux importations de bl\u00e9 tendre pour subvenir aux besoins de consommation et reconstituer les stocks. Ainsi l\u2019Alg\u00e9rie vient d\u2019acheter 660 000 tonnes de bl\u00e9, dont une grande partie d\u2019origine fran\u00e7aise, suite \u00e0 un appel d\u2019offres lanc\u00e9 r\u00e9cemment sur le march\u00e9 international.<\/span><\/p>\n<p class=\"p3\"><span class=\"s1\">Durant le mois de janvier 2020, l\u2019Alg\u00e9rie avait import\u00e9 450\u00a0000 tonnes de bl\u00e9 pour chargement en mars, en plus de plusieurs cargaisons d\u00e9j\u00e0 r\u00e9ceptionn\u00e9es durant les mois pr\u00e9c\u00e9dents. Au fil des mois, les achats alg\u00e9riens de c\u00e9r\u00e9ales ont grimp\u00e9 bien au-dessus des projections arr\u00eat\u00e9es par les pouvoirs publics pour la saison 2019\/2020.<\/span><\/p>\n<p class=\"p3\"><span class=\"s1\">Le gouvernement avait d\u00e9cid\u00e9 en novembre dernier de plafonner les importations de c\u00e9r\u00e9ales, au vu de <em>\u00abl\u2019am\u00e9lioration de la production locale\u00bb<\/em> mais aussi dans un souci de rationaliser les achats de bl\u00e9 tendre et de limiter les gaspillages de farine subventionn\u00e9e. Il avait d\u00e9fini les besoins r\u00e9els du march\u00e9 national \u00e0 4 millions de tonnes par an, contre 6,5 millions de tonnes, dont 4,6 millions de tonnes\/an de bl\u00e9 import\u00e9s de France durant la campagne 2018\/2019.<\/span><\/p>\n<p class=\"p3\"><span class=\"s1\">Jean-Philippe Everling, directeur de Transgrains, entreprise de n\u00e9goce de c\u00e9r\u00e9ales sur le bassin m\u00e9diterran\u00e9en, cit\u00e9 par Ecofin, a r\u00e9cemment soulign\u00e9 que <em>\u00abl\u2019Alg\u00e9rie pourrait avoir besoin d\u2019acheter 1,5 million de tonnes de bl\u00e9 pour les trois derniers mois de la campagne 2019\/2020\u00bb<\/em>.<\/span><\/p>\n<p class=\"p3\"><span class=\"s1\">Pour ce qui est de la provenance, l\u2019Alg\u00e9rie demeure le premier client des producteurs fran\u00e7ais qui, apr\u00e8s avoir exprim\u00e9 leurs inqui\u00e9tudes suite aux informations faisant \u00e9tat de la d\u00e9cision alg\u00e9rienne de r\u00e9duire les importations, font \u00e9tat actuellement d\u2019optimisme quant aux possibilit\u00e9s que leur offre le march\u00e9 alg\u00e9rien dans les prochains mois.<\/span><\/p>\n<p class=\"p3\"><span class=\"s1\">Il est \u00e0 rappeler que la Russie continue ses tentatives de se placer sur le march\u00e9 alg\u00e9rien apr\u00e8s un premier essai non concluant en 2019. La Russie se pr\u00e9pare ainsi \u00e0 envoyer <em>\u00abde nouveaux \u00e9chantillons \u00e0 l\u2019Alg\u00e9rie, dans l\u2019espoir de pouvoir exporter vers cette destination dans un avenir proche\u00bb<\/em>, indiquait r\u00e9cemment le cabinet sp\u00e9cialis\u00e9 fran\u00e7ais Agritel.<\/span><\/p>\n<p class=\"p3\"><span class=\"s1\">La Russie revient donc \u00e0 la charge afin de se conformer au cahier des charges \u00e9tabli par l\u2019Office alg\u00e9rien interprofessionnel des c\u00e9r\u00e9ales (OAIC). La d\u00e9marche fait suite \u00e0 de pr\u00e9c\u00e9dents \u00e9changes alg\u00e9ro-russes en vue d\u2019\u00e9tudier <em>\u00abla qualit\u00e9 du bl\u00e9, mais aussi les conditions de stockage, de chargement et de transport, qui sont des facteurs d\u00e9terminants\u00bb<\/em>, selon le minist\u00e8re de l\u2019Agriculture, pour appr\u00e9cier le rapport qualit\u00e9\/prix. <span class=\"Apple-converted-space\">\u00a0 \u00a0 \u00a0 \u00a0 \u00a0 \u00a0\u00a0<\/span><\/span><\/p>\n<p><span class=\"post-views-label\">Post Views:<\/span> <span class=\"post-views-count\">699<\/span><\/p>\n<p><br class=\"c2\"\/><br class=\"c5\"\/><\/p>\n<p>Auteur: Anis Khecheba<br \/>\n<a href=\"https:\/\/www.elwatan.com\/edition\/economie\/les-achats-algeriens-de-ble-tendre-augmentent-13-02-2020\">Cliquez ici pour lire l&rsquo;article depuis sa source.<\/a><\/p>\n","protected":false},"excerpt":{"rendered":"<p>Malgr\u00e9 la d\u00e9cision de limiter les importations Le gouvernement avait d\u00e9cid\u00e9 en novembre dernier de plafonner les importations de c\u00e9r\u00e9ales, au vu de \u00abl\u2019am\u00e9lioration de la production locale\u00bb, mais aussi dans un souci de rationaliser les achats de bl\u00e9 tendre et de limiter les gaspillages de farine subventionn\u00e9e. La d\u00e9cision de rationaliser les importations de [&hellip;]<\/p>\n","protected":false},"author":1743,"featured_media":76019,"comment_status":"closed","ping_status":"closed","sticky":false,"template":"","format":"standard","meta":{"fifu_image_url":"","fifu_image_alt":"","footnotes":""},"categories":[73,53],"tags":[],"class_list":["post-76018","post","type-post","status-publish","format-standard","has-post-thumbnail","hentry","category-actualite","category-algerie"],"_links":{"self":[{"href":"https:\/\/linitiative.ca\/International\/wp-json\/wp\/v2\/posts\/76018","targetHints":{"allow":["GET"]}}],"collection":[{"href":"https:\/\/linitiative.ca\/International\/wp-json\/wp\/v2\/posts"}],"about":[{"href":"https:\/\/linitiative.ca\/International\/wp-json\/wp\/v2\/types\/post"}],"author":[{"embeddable":true,"href":"https:\/\/linitiative.ca\/International\/wp-json\/wp\/v2\/users\/1743"}],"replies":[{"embeddable":true,"href":"https:\/\/linitiative.ca\/International\/wp-json\/wp\/v2\/comments?post=76018"}],"version-history":[{"count":0,"href":"https:\/\/linitiative.ca\/International\/wp-json\/wp\/v2\/posts\/76018\/revisions"}],"wp:featuredmedia":[{"embeddable":true,"href":"https:\/\/linitiative.ca\/International\/wp-json\/"}],"wp:attachment":[{"href":"https:\/\/linitiative.ca\/International\/wp-json\/wp\/v2\/media?parent=76018"}],"wp:term":[{"taxonomy":"category","embeddable":true,"href":"https:\/\/linitiative.ca\/International\/wp-json\/wp\/v2\/categories?post=76018"},{"taxonomy":"post_tag","embeddable":true,"href":"https:\/\/linitiative.ca\/International\/wp-json\/wp\/v2\/tags?post=76018"}],"curies":[{"name":"wp","href":"https:\/\/api.w.org\/{rel}","templated":true}]}}