{"id":76020,"date":"2020-02-13T04:07:38","date_gmt":"2020-02-13T09:07:38","guid":{"rendered":"https:\/\/linitiative.ca\/International\/affaire-des-indus-avantages-accordes-aux-concessionnaires-automobiles-le-proces-en-appel-renvoye-au-26-fevrier\/"},"modified":"2020-02-13T04:07:38","modified_gmt":"2020-02-13T09:07:38","slug":"affaire-des-indus-avantages-accordes-aux-concessionnaires-automobiles-le-proces-en-appel-renvoye-au-26-fevrier","status":"publish","type":"post","link":"https:\/\/linitiative.ca\/International\/affaire-des-indus-avantages-accordes-aux-concessionnaires-automobiles-le-proces-en-appel-renvoye-au-26-fevrier\/","title":{"rendered":"Affaire des indus avantages accord\u00e9s aux concessionnaires automobiles : Le proc\u00e8s en appel renvoy\u00e9 au 26 f\u00e9vrier"},"content":{"rendered":"<h4 class=\"title-14\"\/>\n<div class=\"featured_image\"><img loading=\"lazy\" decoding=\"async\" width=\"1000\" height=\"715\" src=\"https:\/\/www.elwatan.com\/wp-content\/uploads\/2020\/02\/sidi-mhamed-h-lyes.gif\" class=\"attachment-post-thumbnail size-post-thumbnail wp-post-image\" alt=\"\"\/><\/div>\n<p class=\"p4\"><span class=\"s1\">L<\/span><span class=\"s1\">e proc\u00e8s en appel des deux anciens Premiers ministres, Ahmed Ouyahia et Abdelmalek Sellal, des ex-ministres, Abdelghani Zaalane, Mahdjoub Beda, Youcef Yousfi, Abdessalem Bouchouareb, Nouria Zerhouni, ex-wali de Boumerd\u00e8s, et des hommes d\u2019affaires, Mohamed Mazouz, Hac\u00e8ne Larbaoui, Mohamed Bairi et Ali Haddad, ainsi que de nombreux fonctionnaires du minist\u00e8re de l\u2019Industrie, a \u00e9t\u00e9 report\u00e9, hier, par la cour d\u2019Alger, au 26 f\u00e9vrier.<\/span><\/p>\n<p class=\"p4\"><span class=\"s1\">La d\u00e9cision a \u00e9t\u00e9 prise <em>\u00ab\u00e0 la demande\u00bb<\/em> des avocats nouvellement constitu\u00e9s et qui ont besoin d\u2019un d\u00e9lai pour examiner leurs dossiers. Cette affaire a d\u00e9j\u00e0 \u00e9t\u00e9 jug\u00e9e par le tribunal de Sidi M\u2019hamed, \u00e0 Alger, et concerne les indus avantages accord\u00e9s dans le cadre de l\u2019industrie du montage automobile, mais aussi le financement occulte de la campagne \u00e9lectorale du 5<\/span><span class=\"s2\"><sup>e<\/sup><\/span><span class=\"s1\">\u00a0mandat avort\u00e9 du Pr\u00e9sident d\u00e9chu.<\/span><\/p>\n<p class=\"p4\"><span class=\"s1\">De lourdes peines allant de 3 \u00e0 15 ans de prison ont \u00e9t\u00e9 prononc\u00e9es contre les mis en cause \u00e0 l\u2019issue d\u2019un m\u00e9ga-proc\u00e8s dont les d\u00e9bats \u00e9taient retransmis en direct sur des \u00e9crans plac\u00e9s dans le hall du tribunal, et repris par de nombreuses cha\u00eenes de t\u00e9l\u00e9vision priv\u00e9es.<\/span><\/p>\n<p class=\"p4\"><span class=\"s1\">Lors de ce proc\u00e8s, le tribunal a convoqu\u00e9, en tant que t\u00e9moin, Sa\u00efd Bouteflika, fr\u00e8re et conseiller du Pr\u00e9sident d\u00e9chu, ramen\u00e9 de la prison militaire de Blida, mais qui n\u2019a pas voulu r\u00e9pondre aux questions du juge relatives au financement de la campagne \u00e9lectorale du 5<\/span><span class=\"s2\"><sup>e<\/sup><\/span><span class=\"s1\">\u00a0mandat.<\/span><\/p>\n<p class=\"p4\"><span class=\"s1\">La majorit\u00e9 des anciens hauts fonctionnaires ont fait appel de ce jugement et le proc\u00e8s devait avoir lieu hier, mais le juge l\u2019a renvoy\u00e9 au 26 f\u00e9vrier, le jour m\u00eame o\u00f9 Kamel Chikhi, principal accus\u00e9 dans l\u2019affaire des 701 kg de coca\u00efne, compara\u00eetra devant le tribunal de Sidi M\u2019hamed, avec six autres pr\u00e9venus : l\u2019ex-maire de Ben Aknoun, l\u2019ex-procureur de Boudouaou et son adjoint, le chauffeur personnel de Abdelghani Hamel, l\u2019ex-patron de la police, le fils d\u2019un ancien wali de Relizane et le fils du pr\u00e9sident Tebboune.<\/span><\/p>\n<p class=\"p4\"><span class=\"s1\">Tous sont poursuivis, non pas pour la coca\u00efne, mais pour les pr\u00e9tendus services qu\u2019ils auraient rendus \u00e0 Kamel Chikhi dans le cadre de ses activit\u00e9s immobili\u00e8res, en contrepartie d\u2019argent ou de biens immobiliers. Cette co\u00efncidence risque d\u2019avoir des incidences sur l\u2019un des deux proc\u00e8s, dans la mesure o\u00f9 une bonne partie du collectif des avocats sont constitu\u00e9s dans les deux affaires. Il leur est impossible d\u2019\u00eatre pr\u00e9sents aux deux proc\u00e8s en m\u00eame temps.<\/span><\/p>\n<p><span class=\"post-views-label\">Post Views:<\/span> <span class=\"post-views-count\">1\u00a0268<\/span><\/p>\n<p><br class=\"c2\"\/><br class=\"c5\"\/><\/p>\n<p>Auteur: Anis Khecheba<br \/>\n<a href=\"https:\/\/www.elwatan.com\/edition\/actualite\/le-proces-en-appel-renvoye-au-26-fevrier-13-02-2020\">Cliquez ici pour lire l&rsquo;article depuis sa source.<\/a><\/p>\n","protected":false},"excerpt":{"rendered":"<p>Le proc\u00e8s en appel des deux anciens Premiers ministres, Ahmed Ouyahia et Abdelmalek Sellal, des ex-ministres, Abdelghani Zaalane, Mahdjoub Beda, Youcef Yousfi, Abdessalem Bouchouareb, Nouria Zerhouni, ex-wali de Boumerd\u00e8s, et des hommes d\u2019affaires, Mohamed Mazouz, Hac\u00e8ne Larbaoui, Mohamed Bairi et Ali Haddad, ainsi que de nombreux fonctionnaires du minist\u00e8re de l\u2019Industrie, a \u00e9t\u00e9 report\u00e9, hier, [&hellip;]<\/p>\n","protected":false},"author":1743,"featured_media":76021,"comment_status":"closed","ping_status":"closed","sticky":false,"template":"","format":"standard","meta":{"fifu_image_url":"","fifu_image_alt":"","footnotes":""},"categories":[73,53],"tags":[],"class_list":["post-76020","post","type-post","status-publish","format-standard","has-post-thumbnail","hentry","category-actualite","category-algerie"],"_links":{"self":[{"href":"https:\/\/linitiative.ca\/International\/wp-json\/wp\/v2\/posts\/76020","targetHints":{"allow":["GET"]}}],"collection":[{"href":"https:\/\/linitiative.ca\/International\/wp-json\/wp\/v2\/posts"}],"about":[{"href":"https:\/\/linitiative.ca\/International\/wp-json\/wp\/v2\/types\/post"}],"author":[{"embeddable":true,"href":"https:\/\/linitiative.ca\/International\/wp-json\/wp\/v2\/users\/1743"}],"replies":[{"embeddable":true,"href":"https:\/\/linitiative.ca\/International\/wp-json\/wp\/v2\/comments?post=76020"}],"version-history":[{"count":0,"href":"https:\/\/linitiative.ca\/International\/wp-json\/wp\/v2\/posts\/76020\/revisions"}],"wp:featuredmedia":[{"embeddable":true,"href":"https:\/\/linitiative.ca\/International\/wp-json\/"}],"wp:attachment":[{"href":"https:\/\/linitiative.ca\/International\/wp-json\/wp\/v2\/media?parent=76020"}],"wp:term":[{"taxonomy":"category","embeddable":true,"href":"https:\/\/linitiative.ca\/International\/wp-json\/wp\/v2\/categories?post=76020"},{"taxonomy":"post_tag","embeddable":true,"href":"https:\/\/linitiative.ca\/International\/wp-json\/wp\/v2\/tags?post=76020"}],"curies":[{"name":"wp","href":"https:\/\/api.w.org\/{rel}","templated":true}]}}