{"id":76022,"date":"2020-02-13T04:08:38","date_gmt":"2020-02-13T09:08:38","guid":{"rendered":"https:\/\/linitiative.ca\/International\/transferts-illicites-des-fonds-a-letranger-comment-recuperer-largent-detourne\/"},"modified":"2020-02-13T04:08:38","modified_gmt":"2020-02-13T09:08:38","slug":"transferts-illicites-des-fonds-a-letranger-comment-recuperer-largent-detourne","status":"publish","type":"post","link":"https:\/\/linitiative.ca\/International\/transferts-illicites-des-fonds-a-letranger-comment-recuperer-largent-detourne\/","title":{"rendered":"Transferts illicites des fonds \u00e0 l\u2019\u00e9tranger : Comment r\u00e9cup\u00e9rer l\u2019argent d\u00e9tourn\u00e9 ?"},"content":{"rendered":"<h4 class=\"title-14\"\/>\n<div class=\"featured_image\"><img loading=\"lazy\" decoding=\"async\" width=\"1200\" height=\"643\" src=\"https:\/\/www.elwatan.com\/wp-content\/uploads\/2020\/02\/UNEEEEE-3.gif\" class=\"attachment-post-thumbnail size-post-thumbnail wp-post-image\" alt=\"\"\/><\/div>\n<p class=\"p1\"><span class=\"s1\"><strong>Si pour certains experts, l\u2019op\u00e9ration du rapatriement de l\u2019argent transf\u00e9r\u00e9 ill\u00e9galement \u00e0 l\u2019\u00e9tranger repose sur la \u00abcomplexit\u00e9\u00bb de la proc\u00e9dure, pour d\u2019autres, la probl\u00e9matique rel\u00e8ve tout simplement de la volont\u00e9 politique du gouvernement.<\/strong><\/span><\/p>\n<p class=\"p3\"><span class=\"s1\">C<\/span><span class=\"s1\">omment r\u00e9cup\u00e9rer et rapatrier les biens transf\u00e9r\u00e9s illicitement \u00e0 l\u2019\u00e9tranger ? Pour geler les avoirs, il existe deux mani\u00e8res, explique Lachemi Belhocine, avocat des affaires et pr\u00e9sident du collectif mondial des comp\u00e9tences alg\u00e9riennes Alg\u00e9riens sans fronti\u00e8res. Soit une d\u00e9cision politique ou une d\u00e9cision judiciaire. <em>\u00abIl suffit d\u2019avoir une volont\u00e9 politique pour enclencher la d\u00e9marche judiciaire en mati\u00e8re p\u00e9nale\u00bb<\/em>, pr\u00e9conise l\u2019avocat. Il affirme d\u2019ailleurs poursuivre, en sa qualit\u00e9 de pr\u00e9sident dudit collectif, sa d\u00e9marche pour rapatrier cet argent <em>\u00abpour le bien du peuple\u00bb.<\/em><\/span><\/p>\n<p class=\"p4\"><span class=\"s1\">Mais plusieurs experts soulignent la <em>\u00abcomplexit\u00e9\u00bb<\/em> de cette d\u00e9marche. Ils s\u2019accordent \u00e0 dire qu\u2019il ne s\u2019agit pas d\u2019une simple op\u00e9ration. Un avis qui n\u2019est pas contredit par la d\u00e9l\u00e9gation de l\u2019Union europ\u00e9enne \u00e0 Alger, o\u00f9 une partie de ces biens pourrait \u00eatre plac\u00e9e. Pour l\u2019UE, le rapatriement des biens ou des fonds transf\u00e9r\u00e9s ill\u00e9galement \u00e0 l\u2019\u00e9tranger est une d\u00e9marche <em>\u00abextr\u00eamement difficile\u00bb.<\/em><\/span><\/p>\n<p class=\"p4\"><span class=\"s1\">Cette complexit\u00e9 est due au fait, toujours selon l\u2019Union europ\u00e9enne, <em>\u00abque les Etats n\u2019ont certainement pas la mainmise pour pr\u00e9lever, au niveau de la caisse, sur les comptes des personnes et transf\u00e9rer l\u2019argent\u00bb<\/em>. Le cas de la Tunisie, \u00e0 l\u2019issue du printemps arabe en janvier 2011, a \u00e9t\u00e9 d\u2019ailleurs \u00e9voqu\u00e9 comme exemple, o\u00f9 le plan de rapatriement \u00e9tait quasiment impossible \u00e0 mettre en place.<\/span><\/p>\n<p class=\"p4\"><span class=\"s1\">Que ce soit en Alg\u00e9rie, en Tunisie ou dans d\u2019autres pays, <em>\u00able degr\u00e9 de sp\u00e9cialisation et de connaissance du ph\u00e9nom\u00e8ne criminel \u00e0 la finance est encore assez limit\u00e9\u00bb<\/em>, indique-t-on aupr\u00e8s de l\u2019UE \u00e0 Alger. <em>\u00abCette capacit\u00e9 op\u00e9rationnelle de pouvoir saisir un compte, \u00e0 pouvoir faire obtenir un rapatriement de celui qui \u00e9tait clairement identifi\u00e9 requiert de grands moyens, une exp\u00e9rience, une formation et une sp\u00e9cialisation\u00bb<\/em>, pr\u00e9cise-t-on encore.<\/span><\/p>\n<p class=\"p4\"><strong><span class=\"s1\">Espagne<\/span><\/strong><\/p>\n<p class=\"p5\"><span class=\"s1\">Le collectif Alg\u00e9riens sans fronti\u00e8res n\u2019\u00e9voque aucunement cette \u00abcomplexit\u00e9\u00bb ! <em>\u00abC\u2019est juste une absence de volont\u00e9 politique. L\u2019Alg\u00e9rie a des conventions avec l\u2019UE\u00bb<\/em>, rel\u00e8ve-t-il. Elle serait, en effet, complexe, a-t-il conc\u00e9d\u00e9, comme dans les cas de l\u2019Egypte ou de la Tunisie, au moment o\u00f9 leurs r\u00e9gimes sont tomb\u00e9s. <em>\u00abMais en Alg\u00e9rie, nous avons un gouvernement, un Pr\u00e9sident et surtout que les appareils de L\u2019Etat sont debout\u00bb<\/em>, insiste encore l\u2019avocat d\u2019affaires Belhocine.<\/span><\/p>\n<p class=\"p4\"><span class=\"s1\">Il explique ainsi que <em>\u00ablorsque Moubarek ou Ben Ali sont tomb\u00e9s et en attendant la mise en place d\u2019un nouveau r\u00e9gime, les Etats europ\u00e9ens ont gel\u00e9 les avoirs des deux pr\u00e9sidents et il faut savoir aussi que la Suisse a d\u00e9j\u00e0 restitu\u00e9 des biens, au moins 15 fois, par centaines de millions de dollars \u00e0 une quinzaine d\u2019Etats\u00bb<\/em>.<\/span><\/p>\n<p class=\"p4\"><span class=\"s1\">Le gouvernement actuel a-t-il des chances de r\u00e9cup\u00e9rer cet argent ? L\u2019avocat est affirmatif. Surtout, dit-il, si le pr\u00e9sident Tebboune <em>\u00abest entour\u00e9 de bons juristes\u00bb<\/em>. Le pr\u00e9sident Abdelmadjid Teboune avait affirm\u00e9, rappelons-le, en novembre 2019, lors de sa campagne \u00e9lectorale, qu\u2019il <em>\u00abd\u00e9tenait des informations sur la destination de l\u2019argent d\u00e9tourn\u00e9\u00bb<\/em>. Il avait pr\u00e9cis\u00e9 \u00e0 cette \u00e9poque qu\u2019il \u00e9tait en mesure <em>\u00abde rapatrier la plus grosse partie de ces fonds transf\u00e9r\u00e9s illicitement \u00e0 l\u2019\u00e9tranger\u00bb<\/em>.<\/span><\/p>\n<p class=\"p4\"><span class=\"s1\">En janvier pass\u00e9, le pr\u00e9sident Tebboune a dit <em>\u00abattendre le feu vert de la justice<\/em>\u00bb et qu\u2019il n\u2019a pas encore <em>\u00abstatu\u00e9 sur tous les dossiers et \u00e9tabli les montants d\u00e9tourn\u00e9s. Une fois ces dossiers d\u00e9finitivement clos par la justice, nous allons entamer les proc\u00e9dures n\u00e9cessaires, soit par des avocats alg\u00e9riens ou \u00e9trangers ou l\u2019activation des conventions conclues avec ces pays\u00bb<\/em>.<\/span><\/p>\n<p class=\"p4\"><span class=\"s1\">A ce jour, note encore Lachemi Belhocine, <em>\u00ables demandes envoy\u00e9es aux ministres de la Justice, l\u2019actuel et son pr\u00e9d\u00e9cesseur, sont rest\u00e9es sans suite\u00bb<\/em>. Y a-t-il des estimations des biens <em>\u00abtransf\u00e9r\u00e9s\u00bb<\/em> ? <em>\u00abEntre la Suisse et L\u2019Espagne, nous estimons le montant \u00e0 400 millions de dollars\u00bb<\/em>, conclut Lachemi Belhocine.\u00a0<\/span><\/p>\n<p><span class=\"post-views-label\">Post Views:<\/span> <span class=\"post-views-count\">7\u00a0020<\/span><\/p>\n<p><br class=\"c2\"\/><br class=\"c5\"\/><\/p>\n<p>Auteur: Anis Khecheba<br \/>\n<a href=\"https:\/\/www.elwatan.com\/edition\/actualite\/comment-recuperer-largent-detourne-13-02-2020\">Cliquez ici pour lire l&rsquo;article depuis sa source.<\/a><\/p>\n","protected":false},"excerpt":{"rendered":"<p>Si pour certains experts, l\u2019op\u00e9ration du rapatriement de l\u2019argent transf\u00e9r\u00e9 ill\u00e9galement \u00e0 l\u2019\u00e9tranger repose sur la \u00abcomplexit\u00e9\u00bb de la proc\u00e9dure, pour d\u2019autres, la probl\u00e9matique rel\u00e8ve tout simplement de la volont\u00e9 politique du gouvernement. Comment r\u00e9cup\u00e9rer et rapatrier les biens transf\u00e9r\u00e9s illicitement \u00e0 l\u2019\u00e9tranger ? Pour geler les avoirs, il existe deux mani\u00e8res, explique Lachemi Belhocine, [&hellip;]<\/p>\n","protected":false},"author":1743,"featured_media":76023,"comment_status":"closed","ping_status":"closed","sticky":false,"template":"","format":"standard","meta":{"fifu_image_url":"","fifu_image_alt":"","footnotes":""},"categories":[73,53],"tags":[],"class_list":["post-76022","post","type-post","status-publish","format-standard","has-post-thumbnail","hentry","category-actualite","category-algerie"],"_links":{"self":[{"href":"https:\/\/linitiative.ca\/International\/wp-json\/wp\/v2\/posts\/76022","targetHints":{"allow":["GET"]}}],"collection":[{"href":"https:\/\/linitiative.ca\/International\/wp-json\/wp\/v2\/posts"}],"about":[{"href":"https:\/\/linitiative.ca\/International\/wp-json\/wp\/v2\/types\/post"}],"author":[{"embeddable":true,"href":"https:\/\/linitiative.ca\/International\/wp-json\/wp\/v2\/users\/1743"}],"replies":[{"embeddable":true,"href":"https:\/\/linitiative.ca\/International\/wp-json\/wp\/v2\/comments?post=76022"}],"version-history":[{"count":0,"href":"https:\/\/linitiative.ca\/International\/wp-json\/wp\/v2\/posts\/76022\/revisions"}],"wp:featuredmedia":[{"embeddable":true,"href":"https:\/\/linitiative.ca\/International\/wp-json\/"}],"wp:attachment":[{"href":"https:\/\/linitiative.ca\/International\/wp-json\/wp\/v2\/media?parent=76022"}],"wp:term":[{"taxonomy":"category","embeddable":true,"href":"https:\/\/linitiative.ca\/International\/wp-json\/wp\/v2\/categories?post=76022"},{"taxonomy":"post_tag","embeddable":true,"href":"https:\/\/linitiative.ca\/International\/wp-json\/wp\/v2\/tags?post=76022"}],"curies":[{"name":"wp","href":"https:\/\/api.w.org\/{rel}","templated":true}]}}