{"id":76068,"date":"2020-02-14T07:05:41","date_gmt":"2020-02-14T12:05:41","guid":{"rendered":"https:\/\/linitiative.ca\/International\/azemmour-deux-malfrats-tuent-un-lyceen-a-coups-de-couteau\/"},"modified":"2020-02-14T07:05:41","modified_gmt":"2020-02-14T12:05:41","slug":"azemmour-deux-malfrats-tuent-un-lyceen-a-coups-de-couteau","status":"publish","type":"post","link":"https:\/\/linitiative.ca\/International\/azemmour-deux-malfrats-tuent-un-lyceen-a-coups-de-couteau\/","title":{"rendered":"Azemmour : Deux malfrats tuent un lyc\u00e9en \u00e0 coups de couteau"},"content":{"rendered":"<header>\n<\/header>\n<div class=\"entry-content clearfix\" readability=\"63\"><img decoding=\"async\" class=\"post_layout_5_img\" src=\"http:\/\/aujourdhui.ma\/wp-content\/uploads\/2016\/02\/Couteau-Crime-Maroc.jpg?x29840\" alt=\"Azemmour : Deux malfrats tuent un lyc\u00e9en \u00e0 coups de couteau\"\/><\/p>\n<p class=\"p1\"><span class=\"c4\"><strong>Deux repris de justice dont un mineur de dix-sept ans, impliqu\u00e9s dans une affaire de meurtre d\u2019un lyc\u00e9en de seize ans, \u00e0 Azemmour, ont \u00e9t\u00e9 arr\u00eat\u00e9s, mardi, par les limiers de la police judiciaire relevant du district de la s\u00fbret\u00e9 de la ville.<\/strong><\/span><span id=\"more-333362\"\/><\/p>\n<p class=\"p1\">L\u2019affaire remonte au lundi 10 f\u00e9vrier, vers 18h45, quand le lyc\u00e9en se tenait, en compagnie de ses camarades, un peu plus loin du lyc\u00e9e Oum Rabie o\u00f9 il poursuivait ses \u00e9tudes et derri\u00e8re le complexe culturel El \u00c2roui, \u00e0 Azemmour.<\/p>\n<p class=\"p1\">Deux malfrats, repris de justice, arm\u00e9s de couteau, surgissent de nulle part et se tiennent devant lui ordonnant de leur donner son smartphone. Effray\u00e9s, ses camarades restent fig\u00e9s, alors que lui manifeste une r\u00e9sistance farouche. Malheureusement il est gravement bless\u00e9. Alors que les deux malfrats ont pris la fuite, il a \u00e9t\u00e9 \u00e9vacu\u00e9 vers le service des urgences de l\u2019h\u00f4pital provincial \u00e0 El Jadida, o\u00f9 il succombera \u00e0 ses blessures mardi matin.<\/p>\n<p class=\"p1\">Les investigations qui se sont bas\u00e9es sur les d\u00e9clarations des t\u00e9moins qui \u00e9taient en compagnie de la victime ont permis aux limiers d\u2019arr\u00eater les deux repris de justice.<\/p>\n<\/div>\n<p>Auteur: Abderrafii ALOUMLIKI<br \/>\n<a href=\"http:\/\/aujourdhui.ma\/faits-divers\/azemmour-deux-malfrats-tuent-un-lyceen-a-coups-de-couteau\">Cliquez ici pour lire l&rsquo;article depuis sa source.<\/a><\/p>\n","protected":false},"excerpt":{"rendered":"<p>Deux repris de justice dont un mineur de dix-sept ans, impliqu\u00e9s dans une affaire de meurtre d\u2019un lyc\u00e9en de seize ans, \u00e0 Azemmour, ont \u00e9t\u00e9 arr\u00eat\u00e9s, mardi, par les limiers de la police judiciaire relevant du district de la s\u00fbret\u00e9 de la ville. L\u2019affaire remonte au lundi 10 f\u00e9vrier, vers 18h45, quand le lyc\u00e9en se [&hellip;]<\/p>\n","protected":false},"author":1759,"featured_media":0,"comment_status":"closed","ping_status":"closed","sticky":false,"template":"","format":"standard","meta":{"fifu_image_url":"","fifu_image_alt":"","footnotes":""},"categories":[73,54],"tags":[],"class_list":["post-76068","post","type-post","status-publish","format-standard","hentry","category-actualite","category-maroc"],"_links":{"self":[{"href":"https:\/\/linitiative.ca\/International\/wp-json\/wp\/v2\/posts\/76068","targetHints":{"allow":["GET"]}}],"collection":[{"href":"https:\/\/linitiative.ca\/International\/wp-json\/wp\/v2\/posts"}],"about":[{"href":"https:\/\/linitiative.ca\/International\/wp-json\/wp\/v2\/types\/post"}],"author":[{"embeddable":true,"href":"https:\/\/linitiative.ca\/International\/wp-json\/wp\/v2\/users\/1759"}],"replies":[{"embeddable":true,"href":"https:\/\/linitiative.ca\/International\/wp-json\/wp\/v2\/comments?post=76068"}],"version-history":[{"count":0,"href":"https:\/\/linitiative.ca\/International\/wp-json\/wp\/v2\/posts\/76068\/revisions"}],"wp:attachment":[{"href":"https:\/\/linitiative.ca\/International\/wp-json\/wp\/v2\/media?parent=76068"}],"wp:term":[{"taxonomy":"category","embeddable":true,"href":"https:\/\/linitiative.ca\/International\/wp-json\/wp\/v2\/categories?post=76068"},{"taxonomy":"post_tag","embeddable":true,"href":"https:\/\/linitiative.ca\/International\/wp-json\/wp\/v2\/tags?post=76068"}],"curies":[{"name":"wp","href":"https:\/\/api.w.org\/{rel}","templated":true}]}}