{"id":76069,"date":"2020-02-14T07:10:42","date_gmt":"2020-02-14T12:10:42","guid":{"rendered":"https:\/\/linitiative.ca\/International\/chichaoua-deux-serveuses-trafiquantes-de-drogues-mises-sous-les-verrous\/"},"modified":"2020-02-14T07:10:42","modified_gmt":"2020-02-14T12:10:42","slug":"chichaoua-deux-serveuses-trafiquantes-de-drogues-mises-sous-les-verrous","status":"publish","type":"post","link":"https:\/\/linitiative.ca\/International\/chichaoua-deux-serveuses-trafiquantes-de-drogues-mises-sous-les-verrous\/","title":{"rendered":"Chichaoua : Deux serveuses, trafiquantes de drogues, mises sous les verrous"},"content":{"rendered":"<header>\n<\/header>\n<div class=\"entry-content clearfix\" readability=\"42\"><img decoding=\"async\" class=\"post_layout_5_img\" src=\"http:\/\/aujourdhui.ma\/wp-content\/uploads\/2019\/04\/arrestation-femme.jpg?x29840\" alt=\"Chichaoua : Deux serveuses, trafiquantes de drogues, mises sous les verrous\"\/><\/p>\n<p class=\"p1\"><span class=\"s1\"><span class=\"c4\"><strong>Deux serveuses dans un caf\u00e9 situ\u00e9 au centre communal Guemmassa relevant de la province de Chichaoua ont \u00e9t\u00e9 arr\u00eat\u00e9es par les \u00e9l\u00e9ments de la gendarmerie royale de Mejjat pour leur implication dans une affaire de trafic de comprim\u00e9s psychotropes.<\/strong><\/span><\/span> <span id=\"more-333366\"\/><\/p>\n<p class=\"p1\"><span class=\"s1\">Toutes les deux, \u00e2g\u00e9es respectivement de vingt-sept et de trente ans, ont \u00e9t\u00e9 \u00e9pingl\u00e9es suite aux d\u00e9clarations d\u2019un toxicomane arr\u00eat\u00e9 lors d\u2019une campagne d\u2019assainissement routini\u00e8re. Ce dernier qui \u00e9tait sous l\u2019effet de la drogue a r\u00e9v\u00e9l\u00e9 qu\u2019il s\u2019est approvisionn\u00e9 aupr\u00e8s de l\u2019une des deux serveuses apr\u00e8s avoir couch\u00e9 avec elle aux toilettes du caf\u00e9. Menant les investigations n\u00e9cessaires, les enqu\u00eateurs de la gendarmerie royale ont effectu\u00e9 une descente sur le caf\u00e9 en question pour arr\u00eater les deux serveuses alors qu\u2019elles \u00e9taient en possession d\u2019une quantit\u00e9 de comprim\u00e9s psychotropes. Les deux serveuses et leur client ont \u00e9t\u00e9 traduits devant le procureur du Roi pr\u00e8s le tribunal de premi\u00e8re instance d\u2019Imintanout.<\/span><\/p>\n<\/div>\n<p>Auteur: Abderrafii ALOUMLIKI<br \/>\n<a href=\"http:\/\/aujourdhui.ma\/faits-divers\/chichaoua-deux-serveuses-trafiquantes-de-drogues-mises-sous-les-verrous\">Cliquez ici pour lire l&rsquo;article depuis sa source.<\/a><\/p>\n","protected":false},"excerpt":{"rendered":"<p>Deux serveuses dans un caf\u00e9 situ\u00e9 au centre communal Guemmassa relevant de la province de Chichaoua ont \u00e9t\u00e9 arr\u00eat\u00e9es par les \u00e9l\u00e9ments de la gendarmerie royale de Mejjat pour leur implication dans une affaire de trafic de comprim\u00e9s psychotropes. Toutes les deux, \u00e2g\u00e9es respectivement de vingt-sept et de trente ans, ont \u00e9t\u00e9 \u00e9pingl\u00e9es suite aux [&hellip;]<\/p>\n","protected":false},"author":1759,"featured_media":0,"comment_status":"closed","ping_status":"closed","sticky":false,"template":"","format":"standard","meta":{"fifu_image_url":"","fifu_image_alt":"","footnotes":""},"categories":[73,54],"tags":[],"class_list":["post-76069","post","type-post","status-publish","format-standard","hentry","category-actualite","category-maroc"],"_links":{"self":[{"href":"https:\/\/linitiative.ca\/International\/wp-json\/wp\/v2\/posts\/76069","targetHints":{"allow":["GET"]}}],"collection":[{"href":"https:\/\/linitiative.ca\/International\/wp-json\/wp\/v2\/posts"}],"about":[{"href":"https:\/\/linitiative.ca\/International\/wp-json\/wp\/v2\/types\/post"}],"author":[{"embeddable":true,"href":"https:\/\/linitiative.ca\/International\/wp-json\/wp\/v2\/users\/1759"}],"replies":[{"embeddable":true,"href":"https:\/\/linitiative.ca\/International\/wp-json\/wp\/v2\/comments?post=76069"}],"version-history":[{"count":0,"href":"https:\/\/linitiative.ca\/International\/wp-json\/wp\/v2\/posts\/76069\/revisions"}],"wp:attachment":[{"href":"https:\/\/linitiative.ca\/International\/wp-json\/wp\/v2\/media?parent=76069"}],"wp:term":[{"taxonomy":"category","embeddable":true,"href":"https:\/\/linitiative.ca\/International\/wp-json\/wp\/v2\/categories?post=76069"},{"taxonomy":"post_tag","embeddable":true,"href":"https:\/\/linitiative.ca\/International\/wp-json\/wp\/v2\/tags?post=76069"}],"curies":[{"name":"wp","href":"https:\/\/api.w.org\/{rel}","templated":true}]}}