{"id":76077,"date":"2020-02-14T11:22:05","date_gmt":"2020-02-14T16:22:05","guid":{"rendered":"https:\/\/linitiative.ca\/International\/societe-magasin-general-resultat-en-baisse-de-46-a-fin-2019\/"},"modified":"2020-02-14T11:22:05","modified_gmt":"2020-02-14T16:22:05","slug":"societe-magasin-general-resultat-en-baisse-de-46-a-fin-2019","status":"publish","type":"post","link":"https:\/\/linitiative.ca\/International\/societe-magasin-general-resultat-en-baisse-de-46-a-fin-2019\/","title":{"rendered":"Soci\u00e9t\u00e9 Magasin G\u00e9n\u00e9ral :  R\u00e9sultat en baisse de 46%, \u00e0 fin 2019"},"content":{"rendered":"<p>Le conseil d\u2019administration de la Soci\u00e9t\u00e9 Magasin G\u00e9n\u00e9ral (SMG) s\u2019est r\u00e9uni le 12 F\u00e9vrier 2020 pour examiner les comptes de la Soci\u00e9t\u00e9. Il en ressort qu\u2019au 31 d\u00e9cembre 2019, le r\u00e9sultat provisoire de SMG s\u2019\u00e9l\u00e8ve \u00e0 11 412 706 DT (y compris des dividendes re\u00e7us pour 4 077 450 DT), contre 21 198 656 DT (y compris des dividendes re\u00e7us pour 5 996 880 DT), au 31 d\u00e9cembre 2018, ce qui repr\u00e9sente une baisse de 46%, entre ces deux ann\u00e9es.<br \/>Selon un communiqu\u00e9, publi\u00e9 jeudi, par la Bourse de Tunis et le Conseil du March\u00e9 Financier, le conseil d\u2019administration de la SMG, a fait savoir, lors de sa r\u00e9union, qu\u2019il a d\u00e9cid\u00e9 de soumettre les \u00e9tats financiers, tels que pr\u00e9sent\u00e9s, aux Commissaires aux Comptes pour audit.<\/p>\n<div class=\"wp-post-author-wrap wp-post-author-shortcode left\">\n<h3 class=\"awpa-title\"\/>\n<div class=\"wp-post-author\">\n<div class=\"awpa-img awpa-author-block square\"><a href=\"http:\/\/lexpertjournal.net\/fr\/author\/lexpert\/\"><img loading=\"lazy\" decoding=\"async\" alt=\"\" src=\"http:\/\/1.gravatar.com\/avatar\/d75fce4ed1c12f48ee4270b4238ad3bf?s=150&#038;d=mm&#038;r=g\" srcset=\"http:\/\/1.gravatar.com\/avatar\/d75fce4ed1c12f48ee4270b4238ad3bf?s=300&#038;d=mm&#038;r=g 2x\" class=\"avatar avatar-150 photo\" height=\"150\" width=\"150\"\/><\/a><\/div>\n<\/div>\n<\/div>\n<div class=\"ssba-classic-2 ssba ssbp-wrap left ssbp--theme-1 c2\"><span class=\"ssba-share-text\">Share this&#8230;<\/span><br \/><a data-site=\"\" class=\"ssba_facebook_share\" href=\"http:\/\/www.facebook.com\/sharer.php?u=http:\/\/lexpertjournal.net\/fr\/2020\/02\/14\/societe-magasin-general-resultat-en-baisse-de-46-a-fin-2019\/\" target=\"_blank\" rel=\"noopener noreferrer\"><img decoding=\"async\" src=\"http:\/\/lexpertjournal.net\/fr\/wp-content\/plugins\/simple-share-buttons-adder\/buttons\/somacro\/facebook.png\" title=\"Facebook\" class=\"ssba ssba-img c1\" alt=\"Share on Facebook\"\/><\/a><\/p>\n<p><a data-site=\"pinterest\" class=\"ssba_pinterest_share\" href=\"javascript:void((function()%7Bvar%20e=document.createElement('script');e.setAttribute('type','text\/javascript');e.setAttribute('charset','UTF-8');e.setAttribute('src','\/\/assets.pinterest.com\/js\/pinmarklet.js?r='+Math.random()*99999999);document.body.appendChild(e)%7D)());\"><img decoding=\"async\" src=\"http:\/\/lexpertjournal.net\/fr\/wp-content\/plugins\/simple-share-buttons-adder\/buttons\/somacro\/pinterest.png\" title=\"Pinterest\" class=\"ssba ssba-img c1\" alt=\"Pin on Pinterest\"\/><\/a><\/p>\n<p><a data-site=\"\" class=\"ssba_twitter_share\" href=\"http:\/\/twitter.com\/share?url=http:\/\/lexpertjournal.net\/fr\/2020\/02\/14\/societe-magasin-general-resultat-en-baisse-de-46-a-fin-2019\/&#038;text=Soci%C3%A9t%C3%A9%20Magasin%20G%C3%A9n%C3%A9ral%20%3A%20%20R%C3%A9sultat%20en%20baisse%20de%2046%25%2C%20%C3%A0%20fin%202019%20\" target=\"\"_blank\"\"><img decoding=\"async\" src=\"http:\/\/lexpertjournal.net\/fr\/wp-content\/plugins\/simple-share-buttons-adder\/buttons\/somacro\/twitter.png\" title=\"Twitter\" class=\"ssba ssba-img c1\" alt=\"Tweet about this on Twitter\"\/><\/a><\/p>\n<p><a data-site=\"linkedin\" class=\"ssba_linkedin_share ssba_share_link\" href=\"http:\/\/www.linkedin.com\/shareArticle?mini=true&#038;url=http:\/\/lexpertjournal.net\/fr\/2020\/02\/14\/societe-magasin-general-resultat-en-baisse-de-46-a-fin-2019\/\" target=\"\"_blank\"\"><img decoding=\"async\" src=\"http:\/\/lexpertjournal.net\/fr\/wp-content\/plugins\/simple-share-buttons-adder\/buttons\/somacro\/linkedin.png\" title=\"LinkedIn\" class=\"ssba ssba-img c1\" alt=\"Share on LinkedIn\"\/><\/a><\/p>\n<\/div>\n<p>Auteur: L&rsquo;Expert<br \/>\n<a href=\"http:\/\/lexpertjournal.net\/fr\/2020\/02\/14\/societe-magasin-general-resultat-en-baisse-de-46-a-fin-2019\/\">Cliquez ici pour lire l&rsquo;article depuis sa source.<\/a><\/p>\n","protected":false},"excerpt":{"rendered":"<p>Le conseil d\u2019administration de la Soci\u00e9t\u00e9 Magasin G\u00e9n\u00e9ral (SMG) s\u2019est r\u00e9uni le 12 F\u00e9vrier 2020 pour examiner les comptes de la Soci\u00e9t\u00e9. Il en ressort qu\u2019au 31 d\u00e9cembre 2019, le r\u00e9sultat provisoire de SMG s\u2019\u00e9l\u00e8ve \u00e0 11 412 706 DT (y compris des dividendes re\u00e7us pour 4 077 450 DT), contre 21 198 656 DT [&hellip;]<\/p>\n","protected":false},"author":1775,"featured_media":0,"comment_status":"closed","ping_status":"closed","sticky":false,"template":"","format":"standard","meta":{"fifu_image_url":"","fifu_image_alt":"","footnotes":""},"categories":[78,55],"tags":[],"class_list":["post-76077","post","type-post","status-publish","format-standard","hentry","category-economie","category-tunisie"],"_links":{"self":[{"href":"https:\/\/linitiative.ca\/International\/wp-json\/wp\/v2\/posts\/76077","targetHints":{"allow":["GET"]}}],"collection":[{"href":"https:\/\/linitiative.ca\/International\/wp-json\/wp\/v2\/posts"}],"about":[{"href":"https:\/\/linitiative.ca\/International\/wp-json\/wp\/v2\/types\/post"}],"author":[{"embeddable":true,"href":"https:\/\/linitiative.ca\/International\/wp-json\/wp\/v2\/users\/1775"}],"replies":[{"embeddable":true,"href":"https:\/\/linitiative.ca\/International\/wp-json\/wp\/v2\/comments?post=76077"}],"version-history":[{"count":0,"href":"https:\/\/linitiative.ca\/International\/wp-json\/wp\/v2\/posts\/76077\/revisions"}],"wp:attachment":[{"href":"https:\/\/linitiative.ca\/International\/wp-json\/wp\/v2\/media?parent=76077"}],"wp:term":[{"taxonomy":"category","embeddable":true,"href":"https:\/\/linitiative.ca\/International\/wp-json\/wp\/v2\/categories?post=76077"},{"taxonomy":"post_tag","embeddable":true,"href":"https:\/\/linitiative.ca\/International\/wp-json\/wp\/v2\/tags?post=76077"}],"curies":[{"name":"wp","href":"https:\/\/api.w.org\/{rel}","templated":true}]}}