{"id":76079,"date":"2020-02-14T11:27:10","date_gmt":"2020-02-14T16:27:10","guid":{"rendered":"https:\/\/linitiative.ca\/International\/obtenant-trois-portefeuilles-ministeriels-attayar-votera-la-confiance-au-gouvernement-fakhfakh\/"},"modified":"2020-02-14T11:27:10","modified_gmt":"2020-02-14T16:27:10","slug":"obtenant-trois-portefeuilles-ministeriels-attayar-votera-la-confiance-au-gouvernement-fakhfakh","status":"publish","type":"post","link":"https:\/\/linitiative.ca\/International\/obtenant-trois-portefeuilles-ministeriels-attayar-votera-la-confiance-au-gouvernement-fakhfakh\/","title":{"rendered":"Obtenant trois portefeuilles minist\u00e9riels\u00a0: Attayar votera la confiance au gouvernement Fakhfakh"},"content":{"rendered":"<p>R\u00e9uni, jeudi, le conseil national du parti du Courant d\u00e9mocrate (Attayar) a d\u00e9cid\u00e9, \u00e0 la majorit\u00e9 des voix, de voter la confiance au gouvernement d\u2019Ely\u00e8s Fakhfakh, a affirm\u00e9 Ghazi Chaouachi, dirigeant au parti.<br \/>Selon Chaouachi, trois portefeuilles minist\u00e9riels seraient attribu\u00e9s \u00e0 cette formation politique. Il s\u2019agit du minist\u00e8re de la R\u00e9forme administrative et de la lutte contre la corruption, du minist\u00e8re des Domaines de l\u2019Etat et des affaires fonci\u00e8res et du minist\u00e8re de l\u2019Education nationale.<br \/>D\u2019apr\u00e8s lui, le premier minist\u00e8re sera dirig\u00e9 par Mohamed Abbou, le deuxi\u00e8me par lui-m\u00eame alors que le troisi\u00e8me d\u00e9partement sera dirig\u00e9 par Mohamed Hamdi.<br \/>\u00ab Le Conseil national du parti a approuv\u00e9 ces candidatures \u00e0 la majorit\u00e9 des voix \u00ab , a-t-il pr\u00e9cis\u00e9, soulignant que son parti avait lev\u00e9 des r\u00e9serves sur certains \u00ab ind\u00e9pendants \u00bb, propos\u00e9s par le chef du gouvernement d\u00e9sign\u00e9.<br \/>\u00ab Ely\u00e8s Fakhfakh devrait r\u00e9agir de mani\u00e8re positive avec la position du parti \u00bb, a-t-il ajout\u00e9, assurant que les \u00e9lus d\u2019Attayar poursuivront leur r\u00f4le de contr\u00f4le sur le rendement du gouvernement.<br \/>Le chef du gouvernement d\u00e9sign\u00e9 Ely\u00e8s Fakhfakh devra pr\u00e9senter aujourd\u2019hui \u00e0 18h00, au pr\u00e9sident de la R\u00e9publique, Ka\u00efs Sa\u00efed, le bilan final de ses concertations avec les partis et les blocs parlementaires associ\u00e9s aux concertations sur le futur gouvernement<br \/>Le pr\u00e9sident de la R\u00e9publique Ka\u00efs Sa\u00efed avait charg\u00e9, le 20 janvier dernier, Ely\u00e8s Fakhfakh de former le gouvernement. Cette d\u00e9signation intervient apr\u00e8s le rejet, le 10 janvier 2020, du gouvernement Habib Jemli par le parlement.<br \/>Fakhfakh avait entam\u00e9 des concertations avec les partis politiques, les groupes parlementaires, les organisations nationales et plusieurs personnalit\u00e9s pour acc\u00e9l\u00e9rer la formation du gouvernement.<\/p>\n<div class=\"wp-post-author-wrap wp-post-author-shortcode left\">\n<h3 class=\"awpa-title\"\/>\n<div class=\"wp-post-author\">\n<div class=\"awpa-img awpa-author-block square\"><a href=\"http:\/\/lexpertjournal.net\/fr\/author\/lexpert\/\"><img loading=\"lazy\" decoding=\"async\" alt=\"\" src=\"http:\/\/1.gravatar.com\/avatar\/d75fce4ed1c12f48ee4270b4238ad3bf?s=150&#038;d=mm&#038;r=g\" srcset=\"http:\/\/1.gravatar.com\/avatar\/d75fce4ed1c12f48ee4270b4238ad3bf?s=300&#038;d=mm&#038;r=g 2x\" class=\"avatar avatar-150 photo\" height=\"150\" width=\"150\"\/><\/a><\/div>\n<\/div>\n<\/div>\n<div class=\"ssba-classic-2 ssba ssbp-wrap left ssbp--theme-1 c2\"><span class=\"ssba-share-text\">Share this&#8230;<\/span><br \/><a data-site=\"\" class=\"ssba_facebook_share\" href=\"http:\/\/www.facebook.com\/sharer.php?u=http:\/\/lexpertjournal.net\/fr\/2020\/02\/14\/obtenant-trois-portefeuilles-ministeriels-attayar-votera-la-confiance-au-gouvernement-fakhfakh\/\" target=\"_blank\" rel=\"noopener noreferrer\"><img decoding=\"async\" src=\"http:\/\/lexpertjournal.net\/fr\/wp-content\/plugins\/simple-share-buttons-adder\/buttons\/somacro\/facebook.png\" title=\"Facebook\" class=\"ssba ssba-img c1\" alt=\"Share on Facebook\"\/><\/a><\/p>\n<p><a data-site=\"pinterest\" class=\"ssba_pinterest_share\" href=\"javascript:void((function()%7Bvar%20e=document.createElement('script');e.setAttribute('type','text\/javascript');e.setAttribute('charset','UTF-8');e.setAttribute('src','\/\/assets.pinterest.com\/js\/pinmarklet.js?r='+Math.random()*99999999);document.body.appendChild(e)%7D)());\"><img decoding=\"async\" src=\"http:\/\/lexpertjournal.net\/fr\/wp-content\/plugins\/simple-share-buttons-adder\/buttons\/somacro\/pinterest.png\" title=\"Pinterest\" class=\"ssba ssba-img c1\" alt=\"Pin on Pinterest\"\/><\/a><\/p>\n<p><a data-site=\"\" class=\"ssba_twitter_share\" href=\"http:\/\/twitter.com\/share?url=http:\/\/lexpertjournal.net\/fr\/2020\/02\/14\/obtenant-trois-portefeuilles-ministeriels-attayar-votera-la-confiance-au-gouvernement-fakhfakh\/&#038;text=Obtenant%20trois%20portefeuilles%20minist%C3%A9riels%C2%A0%3A%20Attayar%20votera%20la%20confiance%20au%20gouvernement%20Fakhfakh%20\" target=\"\"_blank\"\"><img decoding=\"async\" src=\"http:\/\/lexpertjournal.net\/fr\/wp-content\/plugins\/simple-share-buttons-adder\/buttons\/somacro\/twitter.png\" title=\"Twitter\" class=\"ssba ssba-img c1\" alt=\"Tweet about this on Twitter\"\/><\/a><\/p>\n<p><a data-site=\"linkedin\" class=\"ssba_linkedin_share ssba_share_link\" href=\"http:\/\/www.linkedin.com\/shareArticle?mini=true&#038;url=http:\/\/lexpertjournal.net\/fr\/2020\/02\/14\/obtenant-trois-portefeuilles-ministeriels-attayar-votera-la-confiance-au-gouvernement-fakhfakh\/\" target=\"\"_blank\"\"><img decoding=\"async\" src=\"http:\/\/lexpertjournal.net\/fr\/wp-content\/plugins\/simple-share-buttons-adder\/buttons\/somacro\/linkedin.png\" title=\"LinkedIn\" class=\"ssba ssba-img c1\" alt=\"Share on LinkedIn\"\/><\/a><\/p>\n<\/div>\n<p>Auteur: L&rsquo;Expert<br \/>\n<a href=\"http:\/\/lexpertjournal.net\/fr\/2020\/02\/14\/obtenant-trois-portefeuilles-ministeriels-attayar-votera-la-confiance-au-gouvernement-fakhfakh\/\">Cliquez ici pour lire l&rsquo;article depuis sa source.<\/a><\/p>\n","protected":false},"excerpt":{"rendered":"<p>R\u00e9uni, jeudi, le conseil national du parti du Courant d\u00e9mocrate (Attayar) a d\u00e9cid\u00e9, \u00e0 la majorit\u00e9 des voix, de voter la confiance au gouvernement d\u2019Ely\u00e8s Fakhfakh, a affirm\u00e9 Ghazi Chaouachi, dirigeant au parti.Selon Chaouachi, trois portefeuilles minist\u00e9riels seraient attribu\u00e9s \u00e0 cette formation politique. Il s\u2019agit du minist\u00e8re de la R\u00e9forme administrative et de la lutte [&hellip;]<\/p>\n","protected":false},"author":1775,"featured_media":0,"comment_status":"closed","ping_status":"closed","sticky":false,"template":"","format":"standard","meta":{"fifu_image_url":"","fifu_image_alt":"","footnotes":""},"categories":[78,55],"tags":[],"class_list":["post-76079","post","type-post","status-publish","format-standard","hentry","category-economie","category-tunisie"],"_links":{"self":[{"href":"https:\/\/linitiative.ca\/International\/wp-json\/wp\/v2\/posts\/76079","targetHints":{"allow":["GET"]}}],"collection":[{"href":"https:\/\/linitiative.ca\/International\/wp-json\/wp\/v2\/posts"}],"about":[{"href":"https:\/\/linitiative.ca\/International\/wp-json\/wp\/v2\/types\/post"}],"author":[{"embeddable":true,"href":"https:\/\/linitiative.ca\/International\/wp-json\/wp\/v2\/users\/1775"}],"replies":[{"embeddable":true,"href":"https:\/\/linitiative.ca\/International\/wp-json\/wp\/v2\/comments?post=76079"}],"version-history":[{"count":0,"href":"https:\/\/linitiative.ca\/International\/wp-json\/wp\/v2\/posts\/76079\/revisions"}],"wp:attachment":[{"href":"https:\/\/linitiative.ca\/International\/wp-json\/wp\/v2\/media?parent=76079"}],"wp:term":[{"taxonomy":"category","embeddable":true,"href":"https:\/\/linitiative.ca\/International\/wp-json\/wp\/v2\/categories?post=76079"},{"taxonomy":"post_tag","embeddable":true,"href":"https:\/\/linitiative.ca\/International\/wp-json\/wp\/v2\/tags?post=76079"}],"curies":[{"name":"wp","href":"https:\/\/api.w.org\/{rel}","templated":true}]}}