{"id":76080,"date":"2020-02-14T11:28:58","date_gmt":"2020-02-14T16:28:58","guid":{"rendered":"https:\/\/linitiative.ca\/International\/avec-deux-ministeres-en-poche-echaab-accordera-la-confiance-au-gouvernement-fakhfakh\/"},"modified":"2020-02-14T11:28:58","modified_gmt":"2020-02-14T16:28:58","slug":"avec-deux-ministeres-en-poche-echaab-accordera-la-confiance-au-gouvernement-fakhfakh","status":"publish","type":"post","link":"https:\/\/linitiative.ca\/International\/avec-deux-ministeres-en-poche-echaab-accordera-la-confiance-au-gouvernement-fakhfakh\/","title":{"rendered":"Avec deux minist\u00e8res en poche\u00a0: Echa\u00e2b accordera la confiance au gouvernement Fakhfakh"},"content":{"rendered":"<p>Le bureau politique du mouvement Echa\u00e2b a d\u00e9cid\u00e9 de participer au gouvernement d\u2019Ely\u00e8s Fakhfakh et de lui accorder la confiance, a d\u00e9clar\u00e9, vendredi, le d\u00e9put\u00e9 et dirigeant d\u2019Echa\u00e2b, Salem Labiadh.<br \/>Echa\u00e2b obtiendrait les deux portefeuilles de la Formation professionnelle et de l\u2019emploi et celui du Commerce dans le futur gouvernement de Fakhfakh, a-t-il indiqu\u00e9. Pour le minist\u00e8re de la Formation, le candidat d\u2019Echa\u00e2b est Fethi Belhaj, membre du bureau politique et le candidat du parti pour le minist\u00e8re du Commerce est le dirigeant Mohamed Msellini.<br \/>Labiadh a soulign\u00e9 \u00e9galement que son parti est en principe d\u2019accord avec le document contractuel du gouvernement et le consid\u00e8re comme une d\u00e9claration politique qu\u2019il avait r\u00e9clam\u00e9e pour d\u00e9terminer le programme du gouvernement et tracer ses principaux objectifs.<br \/>Echa\u00e2b, a-t-il dit, insiste sur la dimension sociale du gouvernement, la r\u00e9vision des l\u00e9gislations portant sur la politique mon\u00e9taire et financi\u00e8re, la r\u00e9solution du probl\u00e8me de l\u2019emploi pr\u00e9caire, en particulier, en ce qui concerne les enseignants d\u00e9l\u00e9gu\u00e9s dans le primaire et le secondaire, l\u2019emploi dans la maintenance et les ouvriers de chantiers.<br \/>Le mouvement Echa\u00e2b examine actuellement les CV des candidats pressentis pour le gouvernement Fakhfakh sur la base des crit\u00e8res de la comp\u00e9tence et de la probit\u00e9 et de la lutte contre toute forme de normalisation (avec l\u2019entit\u00e9 sioniste), a ajout\u00e9 Salem Labiadh.<br \/>\u00ab Nous consid\u00e9rons que tout retard dans l\u2019annonce du gouvernement est une perte de temps et esp\u00e9rons que cela n\u2019a pas pour dessein le grand partage du butin, pour entamer dans les plus proches d\u00e9lais, le vote de confiance pour le gouvernement \u00bb, a estim\u00e9 Labiadh.<br \/>Rappelons que Fakhfakh devrait pr\u00e9senter, ce vendredi, vers 18h00 au pr\u00e9sident de la R\u00e9publique, le bilan des concertations autour de la formation du gouvernement.<\/p>\n<div class=\"wp-post-author-wrap wp-post-author-shortcode left\">\n<h3 class=\"awpa-title\"\/>\n<div class=\"wp-post-author\">\n<div class=\"awpa-img awpa-author-block square\"><a href=\"http:\/\/lexpertjournal.net\/fr\/author\/lexpert\/\"><img loading=\"lazy\" decoding=\"async\" alt=\"\" src=\"http:\/\/1.gravatar.com\/avatar\/d75fce4ed1c12f48ee4270b4238ad3bf?s=150&#038;d=mm&#038;r=g\" srcset=\"http:\/\/1.gravatar.com\/avatar\/d75fce4ed1c12f48ee4270b4238ad3bf?s=300&#038;d=mm&#038;r=g 2x\" class=\"avatar avatar-150 photo\" height=\"150\" width=\"150\"\/><\/a><\/div>\n<\/div>\n<\/div>\n<div class=\"ssba-classic-2 ssba ssbp-wrap left ssbp--theme-1 c2\"><span class=\"ssba-share-text\">Share this&#8230;<\/span><br \/><a data-site=\"\" class=\"ssba_facebook_share\" href=\"http:\/\/www.facebook.com\/sharer.php?u=http:\/\/lexpertjournal.net\/fr\/2020\/02\/14\/avec-deux-ministeres-en-poche-echaab-accordera-la-confiance-au-gouvernement-fakhfakh\/\" target=\"_blank\" rel=\"noopener noreferrer\"><img decoding=\"async\" src=\"http:\/\/lexpertjournal.net\/fr\/wp-content\/plugins\/simple-share-buttons-adder\/buttons\/somacro\/facebook.png\" title=\"Facebook\" class=\"ssba ssba-img c1\" alt=\"Share on Facebook\"\/><\/a><\/p>\n<p><a data-site=\"pinterest\" class=\"ssba_pinterest_share\" href=\"javascript:void((function()%7Bvar%20e=document.createElement('script');e.setAttribute('type','text\/javascript');e.setAttribute('charset','UTF-8');e.setAttribute('src','\/\/assets.pinterest.com\/js\/pinmarklet.js?r='+Math.random()*99999999);document.body.appendChild(e)%7D)());\"><img decoding=\"async\" src=\"http:\/\/lexpertjournal.net\/fr\/wp-content\/plugins\/simple-share-buttons-adder\/buttons\/somacro\/pinterest.png\" title=\"Pinterest\" class=\"ssba ssba-img c1\" alt=\"Pin on Pinterest\"\/><\/a><\/p>\n<p><a data-site=\"\" class=\"ssba_twitter_share\" href=\"http:\/\/twitter.com\/share?url=http:\/\/lexpertjournal.net\/fr\/2020\/02\/14\/avec-deux-ministeres-en-poche-echaab-accordera-la-confiance-au-gouvernement-fakhfakh\/&#038;text=Avec%20deux%20minist%C3%A8res%20en%20poche%C2%A0%3A%20Echa%C3%A2b%20accordera%20la%20confiance%20au%20gouvernement%20Fakhfakh%20\" target=\"\"_blank\"\"><img decoding=\"async\" src=\"http:\/\/lexpertjournal.net\/fr\/wp-content\/plugins\/simple-share-buttons-adder\/buttons\/somacro\/twitter.png\" title=\"Twitter\" class=\"ssba ssba-img c1\" alt=\"Tweet about this on Twitter\"\/><\/a><\/p>\n<p><a data-site=\"linkedin\" class=\"ssba_linkedin_share ssba_share_link\" href=\"http:\/\/www.linkedin.com\/shareArticle?mini=true&#038;url=http:\/\/lexpertjournal.net\/fr\/2020\/02\/14\/avec-deux-ministeres-en-poche-echaab-accordera-la-confiance-au-gouvernement-fakhfakh\/\" target=\"\"_blank\"\"><img decoding=\"async\" src=\"http:\/\/lexpertjournal.net\/fr\/wp-content\/plugins\/simple-share-buttons-adder\/buttons\/somacro\/linkedin.png\" title=\"LinkedIn\" class=\"ssba ssba-img c1\" alt=\"Share on LinkedIn\"\/><\/a><\/p>\n<\/div>\n<p>Auteur: L&rsquo;Expert<br \/>\n<a href=\"http:\/\/lexpertjournal.net\/fr\/2020\/02\/14\/avec-deux-ministeres-en-poche-echaab-accordera-la-confiance-au-gouvernement-fakhfakh\/\">Cliquez ici pour lire l&rsquo;article depuis sa source.<\/a><\/p>\n","protected":false},"excerpt":{"rendered":"<p>Le bureau politique du mouvement Echa\u00e2b a d\u00e9cid\u00e9 de participer au gouvernement d\u2019Ely\u00e8s Fakhfakh et de lui accorder la confiance, a d\u00e9clar\u00e9, vendredi, le d\u00e9put\u00e9 et dirigeant d\u2019Echa\u00e2b, Salem Labiadh.Echa\u00e2b obtiendrait les deux portefeuilles de la Formation professionnelle et de l\u2019emploi et celui du Commerce dans le futur gouvernement de Fakhfakh, a-t-il indiqu\u00e9. Pour le [&hellip;]<\/p>\n","protected":false},"author":1775,"featured_media":0,"comment_status":"closed","ping_status":"closed","sticky":false,"template":"","format":"standard","meta":{"fifu_image_url":"","fifu_image_alt":"","footnotes":""},"categories":[78,55],"tags":[],"class_list":["post-76080","post","type-post","status-publish","format-standard","hentry","category-economie","category-tunisie"],"_links":{"self":[{"href":"https:\/\/linitiative.ca\/International\/wp-json\/wp\/v2\/posts\/76080","targetHints":{"allow":["GET"]}}],"collection":[{"href":"https:\/\/linitiative.ca\/International\/wp-json\/wp\/v2\/posts"}],"about":[{"href":"https:\/\/linitiative.ca\/International\/wp-json\/wp\/v2\/types\/post"}],"author":[{"embeddable":true,"href":"https:\/\/linitiative.ca\/International\/wp-json\/wp\/v2\/users\/1775"}],"replies":[{"embeddable":true,"href":"https:\/\/linitiative.ca\/International\/wp-json\/wp\/v2\/comments?post=76080"}],"version-history":[{"count":0,"href":"https:\/\/linitiative.ca\/International\/wp-json\/wp\/v2\/posts\/76080\/revisions"}],"wp:attachment":[{"href":"https:\/\/linitiative.ca\/International\/wp-json\/wp\/v2\/media?parent=76080"}],"wp:term":[{"taxonomy":"category","embeddable":true,"href":"https:\/\/linitiative.ca\/International\/wp-json\/wp\/v2\/categories?post=76080"},{"taxonomy":"post_tag","embeddable":true,"href":"https:\/\/linitiative.ca\/International\/wp-json\/wp\/v2\/tags?post=76080"}],"curies":[{"name":"wp","href":"https:\/\/api.w.org\/{rel}","templated":true}]}}