{"id":76081,"date":"2020-02-14T11:31:31","date_gmt":"2020-02-14T16:31:31","guid":{"rendered":"https:\/\/linitiative.ca\/International\/balance-commerciale-alimentaire-un-excedent-de-266-md-en-janvier-2020\/"},"modified":"2020-02-14T11:31:31","modified_gmt":"2020-02-14T16:31:31","slug":"balance-commerciale-alimentaire-un-excedent-de-266-md-en-janvier-2020","status":"publish","type":"post","link":"https:\/\/linitiative.ca\/International\/balance-commerciale-alimentaire-un-excedent-de-266-md-en-janvier-2020\/","title":{"rendered":"Balance commerciale alimentaire\u00a0: Un exc\u00e9dent de 26,6 MD, en janvier 2020"},"content":{"rendered":"<p>La balance commerciale alimentaire de la Tunisie est exc\u00e9dentaire de 26,6 Millions de dinars (MD), en janvier 2020, contre un d\u00e9ficit de 142,9 MD, enregistr\u00e9 durant la m\u00eame p\u00e9riode de l\u2019ann\u00e9e 2019, selon les statistiques publi\u00e9es jeudi, par l\u2019Observatoire national de l\u2019Agriculture (ONAGRI) sur son site \u00e9lectronique.<br \/>L\u2019exc\u00e9dent est le r\u00e9sultat de la baisse de la valeur des importations en particulier celles des c\u00e9r\u00e9ales, suite \u00e0 la baisse de leurs prix et l\u2019accroissement du rythme des exportations de l\u2019huile d\u2019olive.<br \/>En janvier 2020, le taux de couverture est de l\u2019ordre de 106,3%, contre 74,1% en 2019. En effet, la valeur des exportations alimentaires ont enregistr\u00e9 une hausse de 10%, alors que les importations ont r\u00e9gress\u00e9 de 23,3%.<br \/>Baisse des prix \u00e0 l\u2019exportation pour l\u2019huile d\u2019olive (-35,9%) et des agrumes (-13%)<br \/>Les prix \u00e0 l\u2019exportation ont marqu\u00e9 une baisse de 35,9% pour l\u2019huile d\u2019olive et de 13% pour les agrumes par rapport \u00e0 la m\u00eame p\u00e9riode de l\u2019ann\u00e9e pr\u00e9c\u00e9dente. Par contre, ceux des produits de la p\u00eache, ont augment\u00e9 de 32,6% et des tomates, de 18,6%.<br \/>Repli des prix \u00e0 l\u2019importation des c\u00e9r\u00e9ales, \u00e0 l\u2019exception du bl\u00e9 dur<br \/>Les prix \u00e0 l\u2019importation des c\u00e9r\u00e9ales ont connu une baisse, \u00e0 l\u2019exception du bl\u00e9 dur, qui a enregistr\u00e9 une hausse de 4,9%.<br \/>Ce recul des prix \u00e0 l\u2019importation des c\u00e9r\u00e9ales a concern\u00e9 le bl\u00e9 tendre (-13,7%), de l\u2019orge (-25,3%), du lait et d\u00e9riv\u00e9s (-9,8%), du sucre (-8,8%) et de la pomme de terre (-11,9%).<br \/>Les prix \u00e0 l\u2019importation des viandes ont diminu\u00e9 de 5,6% et ceux des huiles v\u00e9g\u00e9tales ont \u00e9galement, recul\u00e9 de 7,7%.<br \/>Cette baisse est essentiellement, li\u00e9e \u00e0 la r\u00e9\u00e9valuation du dinar de plus de 10% par rapport \u00e0 l\u2019euro et le dollar.<\/p>\n<div class=\"wp-post-author-wrap wp-post-author-shortcode left\">\n<h3 class=\"awpa-title\"\/>\n<div class=\"wp-post-author\">\n<div class=\"awpa-img awpa-author-block square\"><a href=\"http:\/\/lexpertjournal.net\/fr\/author\/lexpert\/\"><img loading=\"lazy\" decoding=\"async\" alt=\"\" src=\"http:\/\/1.gravatar.com\/avatar\/d75fce4ed1c12f48ee4270b4238ad3bf?s=150&#038;d=mm&#038;r=g\" srcset=\"http:\/\/1.gravatar.com\/avatar\/d75fce4ed1c12f48ee4270b4238ad3bf?s=300&#038;d=mm&#038;r=g 2x\" class=\"avatar avatar-150 photo\" height=\"150\" width=\"150\"\/><\/a><\/div>\n<\/div>\n<\/div>\n<div class=\"ssba-classic-2 ssba ssbp-wrap left ssbp--theme-1 c2\"><span class=\"ssba-share-text\">Share this&#8230;<\/span><br \/><a data-site=\"\" class=\"ssba_facebook_share\" href=\"http:\/\/www.facebook.com\/sharer.php?u=http:\/\/lexpertjournal.net\/fr\/2020\/02\/14\/balance-commerciale-alimentaire-un-excedent-de-266-md-en-janvier-2020\/\" target=\"_blank\" rel=\"noopener noreferrer\"><img decoding=\"async\" src=\"http:\/\/lexpertjournal.net\/fr\/wp-content\/plugins\/simple-share-buttons-adder\/buttons\/somacro\/facebook.png\" title=\"Facebook\" class=\"ssba ssba-img c1\" alt=\"Share on Facebook\"\/><\/a><\/p>\n<p><a data-site=\"pinterest\" class=\"ssba_pinterest_share\" href=\"javascript:void((function()%7Bvar%20e=document.createElement('script');e.setAttribute('type','text\/javascript');e.setAttribute('charset','UTF-8');e.setAttribute('src','\/\/assets.pinterest.com\/js\/pinmarklet.js?r='+Math.random()*99999999);document.body.appendChild(e)%7D)());\"><img decoding=\"async\" src=\"http:\/\/lexpertjournal.net\/fr\/wp-content\/plugins\/simple-share-buttons-adder\/buttons\/somacro\/pinterest.png\" title=\"Pinterest\" class=\"ssba ssba-img c1\" alt=\"Pin on Pinterest\"\/><\/a><\/p>\n<p><a data-site=\"\" class=\"ssba_twitter_share\" href=\"http:\/\/twitter.com\/share?url=http:\/\/lexpertjournal.net\/fr\/2020\/02\/14\/balance-commerciale-alimentaire-un-excedent-de-266-md-en-janvier-2020\/&#038;text=Balance%20commerciale%20alimentaire%C2%A0%3A%20Un%20exc%C3%A9dent%20de%2026%2C6%20MD%2C%20en%20janvier%202020%20\" target=\"\"_blank\"\"><img decoding=\"async\" src=\"http:\/\/lexpertjournal.net\/fr\/wp-content\/plugins\/simple-share-buttons-adder\/buttons\/somacro\/twitter.png\" title=\"Twitter\" class=\"ssba ssba-img c1\" alt=\"Tweet about this on Twitter\"\/><\/a><\/p>\n<p><a data-site=\"linkedin\" class=\"ssba_linkedin_share ssba_share_link\" href=\"http:\/\/www.linkedin.com\/shareArticle?mini=true&#038;url=http:\/\/lexpertjournal.net\/fr\/2020\/02\/14\/balance-commerciale-alimentaire-un-excedent-de-266-md-en-janvier-2020\/\" target=\"\"_blank\"\"><img decoding=\"async\" src=\"http:\/\/lexpertjournal.net\/fr\/wp-content\/plugins\/simple-share-buttons-adder\/buttons\/somacro\/linkedin.png\" title=\"LinkedIn\" class=\"ssba ssba-img c1\" alt=\"Share on LinkedIn\"\/><\/a><\/p>\n<\/div>\n<p>Auteur: L&rsquo;Expert<br \/>\n<a href=\"http:\/\/lexpertjournal.net\/fr\/2020\/02\/14\/balance-commerciale-alimentaire-un-excedent-de-266-md-en-janvier-2020\/\">Cliquez ici pour lire l&rsquo;article depuis sa source.<\/a><\/p>\n","protected":false},"excerpt":{"rendered":"<p>La balance commerciale alimentaire de la Tunisie est exc\u00e9dentaire de 26,6 Millions de dinars (MD), en janvier 2020, contre un d\u00e9ficit de 142,9 MD, enregistr\u00e9 durant la m\u00eame p\u00e9riode de l\u2019ann\u00e9e 2019, selon les statistiques publi\u00e9es jeudi, par l\u2019Observatoire national de l\u2019Agriculture (ONAGRI) sur son site \u00e9lectronique.L\u2019exc\u00e9dent est le r\u00e9sultat de la baisse de la [&hellip;]<\/p>\n","protected":false},"author":1775,"featured_media":0,"comment_status":"closed","ping_status":"closed","sticky":false,"template":"","format":"standard","meta":{"fifu_image_url":"","fifu_image_alt":"","footnotes":""},"categories":[78,55],"tags":[],"class_list":["post-76081","post","type-post","status-publish","format-standard","hentry","category-economie","category-tunisie"],"_links":{"self":[{"href":"https:\/\/linitiative.ca\/International\/wp-json\/wp\/v2\/posts\/76081","targetHints":{"allow":["GET"]}}],"collection":[{"href":"https:\/\/linitiative.ca\/International\/wp-json\/wp\/v2\/posts"}],"about":[{"href":"https:\/\/linitiative.ca\/International\/wp-json\/wp\/v2\/types\/post"}],"author":[{"embeddable":true,"href":"https:\/\/linitiative.ca\/International\/wp-json\/wp\/v2\/users\/1775"}],"replies":[{"embeddable":true,"href":"https:\/\/linitiative.ca\/International\/wp-json\/wp\/v2\/comments?post=76081"}],"version-history":[{"count":0,"href":"https:\/\/linitiative.ca\/International\/wp-json\/wp\/v2\/posts\/76081\/revisions"}],"wp:attachment":[{"href":"https:\/\/linitiative.ca\/International\/wp-json\/wp\/v2\/media?parent=76081"}],"wp:term":[{"taxonomy":"category","embeddable":true,"href":"https:\/\/linitiative.ca\/International\/wp-json\/wp\/v2\/categories?post=76081"},{"taxonomy":"post_tag","embeddable":true,"href":"https:\/\/linitiative.ca\/International\/wp-json\/wp\/v2\/tags?post=76081"}],"curies":[{"name":"wp","href":"https:\/\/api.w.org\/{rel}","templated":true}]}}