{"id":76082,"date":"2020-02-14T13:04:37","date_gmt":"2020-02-14T18:04:37","guid":{"rendered":"https:\/\/linitiative.ca\/International\/hommage-a-azzedine-medjoubi-25-ans-apres-sa-disparition\/"},"modified":"2020-02-14T13:04:37","modified_gmt":"2020-02-14T18:04:37","slug":"hommage-a-azzedine-medjoubi-25-ans-apres-sa-disparition","status":"publish","type":"post","link":"https:\/\/linitiative.ca\/International\/hommage-a-azzedine-medjoubi-25-ans-apres-sa-disparition\/","title":{"rendered":"Hommage \u00e0 Azzedine Medjoubi 25 ans apr\u00e8s sa disparition"},"content":{"rendered":"<div readability=\"38\">\n<p><strong>ALGER- Un vibrant hommage a \u00e9t\u00e9 rendu jeudi \u00e0 Alger \u00e0 l&rsquo;homme de th\u00e9\u00e2tre Azzedine Medjoubi, \u00e0 l&rsquo;occasion de la 25e comm\u00e9moration de son assassinat le 13 f\u00e9vrier 1995, par une repr\u00e9sentation de la pi\u00e8ce de th\u00e9\u00e2tre \u00ab\u00a0El Hafila Tassir 2\u00a0\u00bb, un spectacle inscrit dans la continuit\u00e9 de l&rsquo;oeuvre de ce monument du quatri\u00e8me art alg\u00e9rien.<\/strong><\/p>\n<\/div>\n<div readability=\"84.7467652495\">\n<p>Pr\u00e9sent\u00e9e au Th\u00e9\u00e2tre national Mahieddine-Bachtarzi, \u00ab\u00a0El Hafila Tassir 2\u00a0\u00bb est un monodrame, inspir\u00e9 de \u00ab\u00a0Hafila Tassir\u00a0\u00bb, \u00e9crit et interpr\u00e9t\u00e9 par Tarek Nasseri et produit par \u00ab\u00a0l&rsquo;Association de th\u00e9\u00e2tre des artistes libres\u00a0\u00bb de Azzaba, la ville qui a vu grandir Azzedine Medjoubi.<\/p>\n<p>Dans un espace sc\u00e9nique ouvert et d\u00e9nu\u00e9 de d\u00e9cor, Tarek Nasseri joue le fils de Cherif Zaouali, personnage incarn\u00e9 par Azzedine Medjoubi dans les ann\u00e9es 1990, qui lui aussi se retrouve devant le juge pour avoir d\u00e9tourn\u00e9 un autobus vers l&rsquo;h\u00f4pital o\u00f9 son \u00e9pouse enceinte lutte contre la mort.<\/p>\n<p>Le jeune homme raconte son histoire d&rsquo;amour avec Wafa, sa modeste condition, comme celle de son p\u00e8re, et son refus de voir son \u00e9pouse mourir dans un h\u00f4pital comme sa m\u00e8re Djamila incarn\u00e9 dans la pi\u00e8ce original par Dalila Hellilou.<\/p>\n<blockquote readability=\"9\">\n<p><strong><em>Si le contexte de la pi\u00e8ce reste inchang\u00e9, Tarek Nasseri propose une actualisation du quotidien du citoyen de modeste condition qui \u00ab\u00a0peine \u00e0 acc\u00e9der \u00e0 son droit au soins, au travail ou au logement\u00a0\u00bb et qui finit par \u00ab\u00a0conna\u00eetre le m\u00eame sort que ses parents\u00a0\u00bb trente ans plus t\u00f4t.<\/em><\/strong><\/p>\n<\/blockquote>\n<p>En plus d&rsquo;avoir repris des r\u00e9pliques du dialogue de cette pi\u00e8ce mise en sc\u00e8ne par Ziani Cherif Ayad et adapt\u00e9e du roman \u00ab\u00a0Le voleur d&rsquo;autobus\u00a0\u00bb de l&rsquo;Egyptien Ihsan Abd Al Quddous, \u00ab\u00a0El Hafila Tassir 2\u00a0\u00bb\u00a0 int\u00e8gre \u00e9galement des passage audio de la version de Azzedine Medjoubi.<\/p>\n<hr\/>\n<h3>Lire aussi: <a href=\"http:\/\/www.aps.dz\/culture\/69733-journees-theatrales-maghrebines-a-annaba-la-piece-rahla-en-hommage-a-azzeddine-medjoubi\" target=\"_blank\" rel=\"noopener noreferrer\">Journ\u00e9es th\u00e9\u00e2trales maghr\u00e9bines \u00e0 Annaba: La pi\u00e8ce \u00a0\u00bbRahla\u00a0\u00bb en hommage \u00e0\u00a0Azzeddine Medjoubi<\/a><\/h3>\n<hr\/>\n<p>Assassin\u00e9 par des terroristes le 13 f\u00e9vrier 1995 \u00e0 Alger, \u00e0 la porte du Th\u00e9\u00e2tre national Mahieddine-Bachtarzi dont il \u00e9tait directeur, Azzedine Medjoubi avait marqu\u00e9 les planches par sa pr\u00e9sence et ses brillantes prestations en tant que com\u00e9dien et metteur en sc\u00e8ne contribuant pendant trente ans \u00e0 l&rsquo;\u00e9panouissement de la culture et au d\u00e9veloppement du th\u00e9\u00e2tre alg\u00e9rien.<\/p>\n<p>\u00a0Assassin\u00e9 \u00e0 l`\u00e2ge de 49 ans, Azzedine Medjoubi qui compte \u00e0 son actif de grandes oeuvres, avait camp\u00e9 des r\u00f4les dans plusieurs pi\u00e8ces comme \u00ab\u00a0Bab El Foutouh\u00a0\u00bb et \u00ab\u00a0Galou Laarab Galou\u00a0\u00bb en plus d&rsquo;avoir mis en sc\u00e8ne \u00ab\u00a0Ghabou Lefkar\u00a0\u00bb et \u00ab\u00a0A\u00e2lem el Baouch\u00a0\u00bb prim\u00e9e au Festival de Carthage (Tunisie).<\/p>\n<p>Il avait aussi tent\u00e9 l`exp\u00e9rience du th\u00e9\u00e2tre ind\u00e9pendant en cr\u00e9ant en 1990 la compagnie \u00ab\u00a0Masrah El-Qal\u00e2a\u00a0\u00bb avec des compagnons de route comme Sonia, Sakina Mekkiou de son vrai nom, M&rsquo;hamed Benguettaf, et Ziani Cherif Ayad.<\/p>\n<p>En plus de ce riche parcours sur les planches, Azzedine Medjoubi avait investi le grand \u00e9cran dans des production comme \u00ab\u00a0Journal d`un jeune travailleur\u00a0\u00bb de Mohamed Iftissane, \u00ab\u00a0automne 1988\u00a0\u00bb de Malik Lakhdar Hamina ou encore \u00ab\u00a0Youcef ou la l\u00e9gende des sept dormants\u00a0\u00bb de Mohamed Chouikh.<\/p>\n<\/div>\n<p>Auteur:<br \/>\n<a href=\"http:\/\/www.aps.dz\/culture\/101625-hommage-a-azzedine-medjoubi-25-ans-apres-sa-disparition\">Cliquez ici pour lire l&rsquo;article depuis sa source.<\/a><\/p>\n","protected":false},"excerpt":{"rendered":"<p>ALGER- Un vibrant hommage a \u00e9t\u00e9 rendu jeudi \u00e0 Alger \u00e0 l&rsquo;homme de th\u00e9\u00e2tre Azzedine Medjoubi, \u00e0 l&rsquo;occasion de la 25e comm\u00e9moration de son assassinat le 13 f\u00e9vrier 1995, par une repr\u00e9sentation de la pi\u00e8ce de th\u00e9\u00e2tre \u00ab\u00a0El Hafila Tassir 2\u00a0\u00bb, un spectacle inscrit dans la continuit\u00e9 de l&rsquo;oeuvre de ce monument du quatri\u00e8me art [&hellip;]<\/p>\n","protected":false},"author":1790,"featured_media":0,"comment_status":"closed","ping_status":"closed","sticky":false,"template":"","format":"standard","meta":{"fifu_image_url":"","fifu_image_alt":"","footnotes":""},"categories":[53,79],"tags":[],"class_list":["post-76082","post","type-post","status-publish","format-standard","hentry","category-algerie","category-culture"],"_links":{"self":[{"href":"https:\/\/linitiative.ca\/International\/wp-json\/wp\/v2\/posts\/76082","targetHints":{"allow":["GET"]}}],"collection":[{"href":"https:\/\/linitiative.ca\/International\/wp-json\/wp\/v2\/posts"}],"about":[{"href":"https:\/\/linitiative.ca\/International\/wp-json\/wp\/v2\/types\/post"}],"author":[{"embeddable":true,"href":"https:\/\/linitiative.ca\/International\/wp-json\/wp\/v2\/users\/1790"}],"replies":[{"embeddable":true,"href":"https:\/\/linitiative.ca\/International\/wp-json\/wp\/v2\/comments?post=76082"}],"version-history":[{"count":0,"href":"https:\/\/linitiative.ca\/International\/wp-json\/wp\/v2\/posts\/76082\/revisions"}],"wp:attachment":[{"href":"https:\/\/linitiative.ca\/International\/wp-json\/wp\/v2\/media?parent=76082"}],"wp:term":[{"taxonomy":"category","embeddable":true,"href":"https:\/\/linitiative.ca\/International\/wp-json\/wp\/v2\/categories?post=76082"},{"taxonomy":"post_tag","embeddable":true,"href":"https:\/\/linitiative.ca\/International\/wp-json\/wp\/v2\/tags?post=76082"}],"curies":[{"name":"wp","href":"https:\/\/api.w.org\/{rel}","templated":true}]}}