{"id":76092,"date":"2020-02-14T12:51:22","date_gmt":"2020-02-14T17:51:22","guid":{"rendered":"https:\/\/linitiative.ca\/International\/convention-de-travail-entre-safi-environnement-et-luntm\/"},"modified":"2020-02-14T12:51:22","modified_gmt":"2020-02-14T17:51:22","slug":"convention-de-travail-entre-safi-environnement-et-luntm","status":"publish","type":"post","link":"https:\/\/linitiative.ca\/International\/convention-de-travail-entre-safi-environnement-et-luntm\/","title":{"rendered":"Convention de travail entre \u00ab\u00a0Safi-Environnement\u00a0\u00bb et l\u2019UNTM"},"content":{"rendered":"<div readability=\"36\">\n<p>Safi \u2013 Une convention collective de travail a \u00e9t\u00e9 sign\u00e9e, vendredi \u00e0 Safi, entre la Soci\u00e9t\u00e9 d\u00e9l\u00e9gataire de la gestion des d\u00e9chets \u00ab\u00a0Safi- Environnement\u00a0\u00bb et le bureau syndical de ladite Soci\u00e9t\u00e9 affili\u00e9 \u00e0 l\u2019Union Nationale du Travail au Maroc (UNTM).<\/p>\n<\/div>\n<div readability=\"111\">\n<p>Sign\u00e9 en pr\u00e9sence du ministre du Travail et de l\u2019insertion professionnelle, Mohamed Amkraz, cet accord social vise \u00e0 pr\u00e9server les acquis, \u00e0 am\u00e9liorer les droits des salari\u00e9s, \u00e0 encourager la r\u00e9solution des probl\u00e8mes de fa\u00e7on participative, \u00e0 tirer vers le haut la qualit\u00e9 des services de collecte des d\u00e9chets m\u00e9nagers, et \u00e0 consolider la comp\u00e9titivit\u00e9 de l\u2019entreprise d\u00e9l\u00e9gataire de la gestion des d\u00e9chets.<\/p>\n<p>Intervenant \u00e0 cette occasion, M. Amkraz a soulign\u00e9 que son D\u00e9partement encourage consid\u00e9rablement le dialogue social entre les entreprises et les salari\u00e9s et la signature des conventions collectives de travail car, a-t-il expliqu\u00e9, le Code de travail garantit le seuil minimal des droits aux salari\u00e9s, tout en laissant le champ libre \u00e0 la conclusion des accords contractuels, qui sont de nature \u00e0 garantir la paix sociale et \u00e0 faire b\u00e9n\u00e9ficier les salari\u00e9s de privil\u00e8ges additionnels.<\/p>\n<p>Le ministre a, en outre, indiqu\u00e9 que les Conventions collectives de travail, qui constituent une priorit\u00e9 pour le gouvernement, sont de nature \u00e0 accro\u00eetre le rendement et la production au sein des entreprises marocaines, avant de f\u00e9liciter toutes les parties concern\u00e9es suite \u00e0 la conclusion de cette convention \u00e0 Safi dans un secteur \u00ab\u00a0sensible qui int\u00e9resse toute la population de cette ville\u00a0\u00bb.<\/p>\n<p>Cette convention, a-t-il poursuivi, garantira la continuit\u00e9 des services dans d\u2019excellentes conditions de travail pour les salari\u00e9s comme pour la soci\u00e9t\u00e9 d\u00e9l\u00e9gataire.<\/p>\n<p>Pour sa part, le Secr\u00e9taire G\u00e9n\u00e9ral de l\u2019UNTM, Abdelilah El Halouti, a fait remarquer que la signature de cette convention collective de travail se veut l\u2019illustration que les relations entre le patronat et les salari\u00e9s commencent \u00e0 changer au Maroc, au service d\u2019une \u00e9conomie nationale solide et prosp\u00e8re.<\/p>\n<p>Le Patronat marocain a d\u00e9montr\u00e9 sa capacit\u00e9 \u00e0 s\u2019adapter avec cette nouvelle dynamique marqu\u00e9e par la volont\u00e9 de garantir la paix sociale, a-t-il relev\u00e9, faisant remarquer que cette nouvelle culture qui s\u2019installe au Maroc, et ce genre d\u2019accords sociaux sont de nature \u00e0 faire du Royaume un p\u00f4le d\u2019attractivit\u00e9 \u00e9conomique pour les investisseurs mondiaux.<\/p>\n<p>M.Hallouti a, par la m\u00eame occasion, salu\u00e9 l\u2019esprit de citoyennet\u00e9 de \u00ab\u00a0Safi- Environnement\u00a0\u00bb, filiale de la soci\u00e9t\u00e9 \u00ab\u00a0Casa Technique\u00a0\u00bb et l\u2019esprit de dialogue et de concertation qui r\u00e9gnait et qui a abouti \u00e0 la conclusion de cette convention.<\/p>\n<p>Quant au pr\u00e9sident directeur g\u00e9n\u00e9ral de \u00ab\u00a0Casa Technique\u00a0\u00bb, Said Mabrouk, il a soulign\u00e9 que cette signature repr\u00e9sente un moment historique pour cette soci\u00e9t\u00e9 marocaine citoyenne, qui s\u2019est engag\u00e9e \u00e0 respecter les droits des salari\u00e9s et les libert\u00e9s syndicales.<\/p>\n<p>La soci\u00e9t\u00e9 encourage la signature de ce genre de conventions vu l\u2019importance et la sensibilit\u00e9 du secteur de la gestion des d\u00e9chets, a-t-il ajout\u00e9, saluant au passage le r\u00f4le jou\u00e9 par les ressources humaines de cette soci\u00e9t\u00e9 dans la protection de l\u2019environnement et la garantie de la continuit\u00e9 du service pour les citoyens.<\/p>\n<p>M.Mabrouk a, en outre, indiqu\u00e9 que les n\u00e9gociations entre les parties se sont d\u00e9roul\u00e9es dans un climat sain empreint de respect et de confiance mutuelle, relevant que cette convention est de nature \u00e0 am\u00e9liorer le paysage urbain ainsi que la qualit\u00e9 de vie des habitants de Safi.<\/p>\n<\/div>\n<p>Auteur: Meriem IGASS<br \/>\n<a href=\"http:\/\/www.mapmarrakech.ma\/fr\/convention-de-travail-entre-safi-environnement-et-luntm\/\">Cliquez ici pour lire l&rsquo;article depuis sa source.<\/a><\/p>\n","protected":false},"excerpt":{"rendered":"<p>Safi \u2013 Une convention collective de travail a \u00e9t\u00e9 sign\u00e9e, vendredi \u00e0 Safi, entre la Soci\u00e9t\u00e9 d\u00e9l\u00e9gataire de la gestion des d\u00e9chets \u00ab\u00a0Safi- Environnement\u00a0\u00bb et le bureau syndical de ladite Soci\u00e9t\u00e9 affili\u00e9 \u00e0 l\u2019Union Nationale du Travail au Maroc (UNTM). Sign\u00e9 en pr\u00e9sence du ministre du Travail et de l\u2019insertion professionnelle, Mohamed Amkraz, cet accord [&hellip;]<\/p>\n","protected":false},"author":1788,"featured_media":0,"comment_status":"closed","ping_status":"closed","sticky":false,"template":"","format":"standard","meta":{"fifu_image_url":"","fifu_image_alt":"","footnotes":""},"categories":[54,76],"tags":[],"class_list":["post-76092","post","type-post","status-publish","format-standard","hentry","category-maroc","category-regions"],"_links":{"self":[{"href":"https:\/\/linitiative.ca\/International\/wp-json\/wp\/v2\/posts\/76092","targetHints":{"allow":["GET"]}}],"collection":[{"href":"https:\/\/linitiative.ca\/International\/wp-json\/wp\/v2\/posts"}],"about":[{"href":"https:\/\/linitiative.ca\/International\/wp-json\/wp\/v2\/types\/post"}],"author":[{"embeddable":true,"href":"https:\/\/linitiative.ca\/International\/wp-json\/wp\/v2\/users\/1788"}],"replies":[{"embeddable":true,"href":"https:\/\/linitiative.ca\/International\/wp-json\/wp\/v2\/comments?post=76092"}],"version-history":[{"count":0,"href":"https:\/\/linitiative.ca\/International\/wp-json\/wp\/v2\/posts\/76092\/revisions"}],"wp:attachment":[{"href":"https:\/\/linitiative.ca\/International\/wp-json\/wp\/v2\/media?parent=76092"}],"wp:term":[{"taxonomy":"category","embeddable":true,"href":"https:\/\/linitiative.ca\/International\/wp-json\/wp\/v2\/categories?post=76092"},{"taxonomy":"post_tag","embeddable":true,"href":"https:\/\/linitiative.ca\/International\/wp-json\/wp\/v2\/tags?post=76092"}],"curies":[{"name":"wp","href":"https:\/\/api.w.org\/{rel}","templated":true}]}}