{"id":76094,"date":"2020-02-14T09:49:19","date_gmt":"2020-02-14T14:49:19","guid":{"rendered":"https:\/\/linitiative.ca\/International\/plus-de-400-participants-au-festival-dadrar-des-fonctionnaires-de-ladministration-penitentiaire\/"},"modified":"2020-02-14T09:49:19","modified_gmt":"2020-02-14T14:49:19","slug":"plus-de-400-participants-au-festival-dadrar-des-fonctionnaires-de-ladministration-penitentiaire","status":"publish","type":"post","link":"https:\/\/linitiative.ca\/International\/plus-de-400-participants-au-festival-dadrar-des-fonctionnaires-de-ladministration-penitentiaire\/","title":{"rendered":"Plus de 400 participants au festival d&rsquo;Adrar des fonctionnaires de l&rsquo;administration p\u00e9nitentiaire"},"content":{"rendered":"<p><span class=\"sp-nh-title\">La direction sahraouie se f\u00e9licite de la d\u00e9claration conjointe de l&rsquo;UA et l&rsquo;ONU sur l&rsquo;attachement \u00e0 la l\u00e9galit\u00e9 internationale<\/span> &#8211; <span class=\"sp-nh-date\">vendredi 14 f\u00e9vrier 2020 19:24<\/span><\/p>\n<p><span class=\"sp-nh-title\">Rencontre gouvernement-walis dimanche et lundi sous le th\u00e8me Pour une Alg\u00e9rie nouvelle<\/span> &#8211; <span class=\"sp-nh-date\">vendredi 14 f\u00e9vrier 2020 19:03<\/span><\/p>\n<p><span class=\"sp-nh-title\">Alger se renforce avec trois nouveaux cimeti\u00e8res parmi dix projets programm\u00e9s \u00a0<\/span> &#8211; <span class=\"sp-nh-date\">vendredi 14 f\u00e9vrier 2020 18:52<\/span><\/p>\n<p><span class=\"sp-nh-title\">Ligue 2 : l&rsquo;ASM Oran cr\u00e9e la surprise en coupe d&rsquo;Alg\u00e9rie, une semaine d\u00e9cisive attend les dirigeants<\/span> &#8211; <span class=\"sp-nh-date\">vendredi 14 f\u00e9vrier 2020 17:21<\/span><\/p>\n<p><span class=\"sp-nh-title\">Pour des \u00e9changes commerciaux de qualit\u00e9 avec les pays africains : l&rsquo;ANCA appelle \u00e0 am\u00e9nager les r\u00e9gions du Sud<\/span> &#8211; <span class=\"sp-nh-date\">vendredi 14 f\u00e9vrier 2020 16:48<\/span><\/p>\n<p><span class=\"sp-nh-title\">Plus de 400 participants au festival d&rsquo;Adrar des fonctionnaires de l&rsquo;administration p\u00e9nitentiaire<\/span> &#8211; <span class=\"sp-nh-date\">vendredi 14 f\u00e9vrier 2020 15:49<\/span><\/p>\n<p><span class=\"sp-nh-title\">CPMC d&rsquo;Alger: Pr\u00e8s de 117.000 consultations et plus de 19.000 traitements en radioth\u00e9rapie en 2019<\/span> &#8211; <span class=\"sp-nh-date\">vendredi 14 f\u00e9vrier 2020 15:11<\/span><\/p>\n<p><span class=\"sp-nh-title\">Transport maritime: vers la r\u00e9duction des d\u00e9lais du transit aux ports \u00e0 cinq jours<\/span> &#8211; <span class=\"sp-nh-date\">vendredi 14 f\u00e9vrier 2020 14:19<\/span><\/p>\n<p><span class=\"sp-nh-title\">L&rsquo;escargot, caviar rampant inonde le march\u00e9 \u00e0 Oran<\/span> &#8211; <span class=\"sp-nh-date\">vendredi 14 f\u00e9vrier 2020 14:12<\/span><\/p>\n<p><span class=\"sp-nh-title\">Attentat de Timiaouine : Chanegriha d\u00e9cerne la M\u00e9daille de Bravoure au Chahid Benadda Brahim<\/span> &#8211; <span class=\"sp-nh-date\">vendredi 14 f\u00e9vrier 2020 14:05<\/span><\/p>\n<p><span class=\"sp-nh-title\">La riposte des Forces de l&rsquo;ANP aux terroristes sera puissante et intransigeante<\/span> &#8211; <span class=\"sp-nh-date\">vendredi 14 f\u00e9vrier 2020 14:02<\/span><\/p>\n<p><span class=\"sp-nh-title\">Gestion des ports commerciaux: deux nouveaux partenariats en perspective<\/span> &#8211; <span class=\"sp-nh-date\">vendredi 14 f\u00e9vrier 2020 13:14<\/span><\/p>\n<p><span class=\"sp-nh-title\">Le Guide de diab\u00e9tologie mis \u00e0 jour conform\u00e9ment aux recommandations internationales<\/span> &#8211; <span class=\"sp-nh-date\">vendredi 14 f\u00e9vrier 2020 12:53<\/span><\/p>\n<p><span class=\"sp-nh-title\">APN: adoption du rapport de validation de la qualit\u00e9 de membre d&rsquo;un nouveau d\u00e9put\u00e9<\/span> &#8211; <span class=\"sp-nh-date\">vendredi 14 f\u00e9vrier 2020 12:51<\/span><\/p>\n<p><span class=\"sp-nh-title\">Arkab affirme la relance des consultations concernant le projet Desertec<\/span> &#8211; <span class=\"sp-nh-date\">vendredi 14 f\u00e9vrier 2020 12:39<\/span><\/p>\n<p><span class=\"sp-nh-title\">Hommage \u00e0 Azzedine Medjoubi 25 ans apr\u00e8s sa disparition<\/span> &#8211; <span class=\"sp-nh-date\">vendredi 14 f\u00e9vrier 2020 12:26<\/span><\/p>\n<p><span class=\"sp-nh-title\">Poursuite des programmes d&rsquo;\u00e9quipement selon une nouvelle approche participative<\/span> &#8211; <span class=\"sp-nh-date\">vendredi 14 f\u00e9vrier 2020 11:52<\/span><\/p>\n<p><span class=\"sp-nh-title\">Eventuel recours de l&rsquo;Alg\u00e9rie \u00e0 des financements ext\u00e9rieurs \u00e0 long terme<\/span> &#8211; <span class=\"sp-nh-date\">vendredi 14 f\u00e9vrier 2020 11:41<\/span><\/p>\n<p><span class=\"sp-nh-title\">Le Premier ministre r\u00e9it\u00e8re la position constante de l&rsquo;Alg\u00e9rie \u00e0 l&rsquo;\u00e9gard des causes palestinienne et sahraouie<\/span> &#8211; <span class=\"sp-nh-date\">vendredi 14 f\u00e9vrier 2020 11:26<\/span><\/p>\n<p><span class=\"sp-nh-title\">Une nouvelle approche pour lutter contre le ch\u00f4mage et assurer une couverture sanitaire \u00e9quitable<\/span> &#8211; <span class=\"sp-nh-date\">vendredi 14 f\u00e9vrier 2020 11:16<\/span><\/p>\n<p>Auteur:<br \/>\n<a href=\"http:\/\/www.aps.dz\/regions\/101637-plus-de-400-participants-au-festival-d-adrar-des-fonctionnaires-de-l-administration-penitentiaire\">Cliquez ici pour lire l&rsquo;article depuis sa source.<\/a><\/p>\n","protected":false},"excerpt":{"rendered":"<p>La direction sahraouie se f\u00e9licite de la d\u00e9claration conjointe de l&rsquo;UA et l&rsquo;ONU sur l&rsquo;attachement \u00e0 la l\u00e9galit\u00e9 internationale &#8211; vendredi 14 f\u00e9vrier 2020 19:24 Rencontre gouvernement-walis dimanche et lundi sous le th\u00e8me Pour une Alg\u00e9rie nouvelle &#8211; vendredi 14 f\u00e9vrier 2020 19:03 Alger se renforce avec trois nouveaux cimeti\u00e8res parmi dix projets programm\u00e9s \u00a0 [&hellip;]<\/p>\n","protected":false},"author":1790,"featured_media":0,"comment_status":"closed","ping_status":"closed","sticky":false,"template":"","format":"standard","meta":{"fifu_image_url":"","fifu_image_alt":"","footnotes":""},"categories":[53,76],"tags":[],"class_list":["post-76094","post","type-post","status-publish","format-standard","hentry","category-algerie","category-regions"],"_links":{"self":[{"href":"https:\/\/linitiative.ca\/International\/wp-json\/wp\/v2\/posts\/76094","targetHints":{"allow":["GET"]}}],"collection":[{"href":"https:\/\/linitiative.ca\/International\/wp-json\/wp\/v2\/posts"}],"about":[{"href":"https:\/\/linitiative.ca\/International\/wp-json\/wp\/v2\/types\/post"}],"author":[{"embeddable":true,"href":"https:\/\/linitiative.ca\/International\/wp-json\/wp\/v2\/users\/1790"}],"replies":[{"embeddable":true,"href":"https:\/\/linitiative.ca\/International\/wp-json\/wp\/v2\/comments?post=76094"}],"version-history":[{"count":0,"href":"https:\/\/linitiative.ca\/International\/wp-json\/wp\/v2\/posts\/76094\/revisions"}],"wp:attachment":[{"href":"https:\/\/linitiative.ca\/International\/wp-json\/wp\/v2\/media?parent=76094"}],"wp:term":[{"taxonomy":"category","embeddable":true,"href":"https:\/\/linitiative.ca\/International\/wp-json\/wp\/v2\/categories?post=76094"},{"taxonomy":"post_tag","embeddable":true,"href":"https:\/\/linitiative.ca\/International\/wp-json\/wp\/v2\/tags?post=76094"}],"curies":[{"name":"wp","href":"https:\/\/api.w.org\/{rel}","templated":true}]}}