{"id":76098,"date":"2020-02-14T15:13:59","date_gmt":"2020-02-14T20:13:59","guid":{"rendered":"https:\/\/linitiative.ca\/International\/international-barca-la-federation-espagnole-doute-de-la-duree-de-la-blessure-de-dembele\/"},"modified":"2020-02-14T15:13:59","modified_gmt":"2020-02-14T20:13:59","slug":"international-barca-la-federation-espagnole-doute-de-la-duree-de-la-blessure-de-dembele","status":"publish","type":"post","link":"https:\/\/linitiative.ca\/International\/international-barca-la-federation-espagnole-doute-de-la-duree-de-la-blessure-de-dembele\/","title":{"rendered":"International : Bar\u00e7a : La f\u00e9d\u00e9ration espagnole doute de la dur\u00e9e de la blessure de Demb\u00e9l\u00e9"},"content":{"rendered":"<div readability=\"32\">\n<p>Auteur : <span class=\"time\">vendredi 14 f\u00e9vrier 2020 19:05<\/span><\/p>\n<\/div>\n<div id=\"post_core\" readability=\"43\">\n<p>Cette longue dur\u00e9e \u00e9valu\u00e9e par le club permettrait au Bar\u00e7a d\u2019avoir l\u2019autorisation de recruter un joker m\u00e9dical. Cependant Les-Transferts annonce que la Ligue de football professionnel espagnole remet en cause la v\u00e9ritable dur\u00e9e d\u2019indisponibilit\u00e9 du Fran\u00e7ais. La f\u00e9d\u00e9ration ib\u00e9rique s\u2019appuierait sur une blessure similaire d\u2019Ousmane Demb\u00e9l\u00e9 pour d\u00e9cider si elle autorise le Bar\u00e7a \u00e0 acheter un joueur pour le remplacer. En septembre 2017 le num\u00e9ro 11 catalan avait d\u00e9j\u00e0 subi une absence pendant 3 mois et demi pour la m\u00eame blessure sur l\u2019autre jambe.<\/p>\n<p>Demb\u00e9l\u00e9 a \u00e9t\u00e9 op\u00e9r\u00e9 lundi en Finlande et son club\u00a0a envoy\u00e9 tous les documents sur sa blessure\u00a0pour demander l\u2019autorisation de recruter un rempla\u00e7ant. Le FC. Barcelone devrait savoir dans la journ\u00e9e s\u2019il peut signer quelqu\u2019un ou non apr\u00e8s la confirmation de la r\u00e9ception du rapport m\u00e9dical confidentiel. En Catalogne, le nom d\u2019Angel (Getafe) para\u00eet \u00eatre la derni\u00e8re cible accessible pour les blaugranas.<\/p>\n<p><strong>Publi\u00e9 dans :<\/strong> <span>fc barcelone<\/span> <span>Dembel\u00e9<\/span><\/p>\n<\/div>\n<p>Auteur:<br \/>\n<a href=\"http:\/\/www.lebuteur.com\/article\/detail?titre=barca-la-federation-espagnole-doute-de-la-duree-de-la-blessure-de-dembele&#038;id=94799&#038;utm_source=feedburner&#038;utm_medium=feed&#038;utm_campaign=Feed%3A+GalerieFArtciles+%28Les+derniers+articles++-+lebuteur.com%29\">Cliquez ici pour lire l&rsquo;article depuis sa source.<\/a><\/p>\n","protected":false},"excerpt":{"rendered":"<p>Auteur : vendredi 14 f\u00e9vrier 2020 19:05 Cette longue dur\u00e9e \u00e9valu\u00e9e par le club permettrait au Bar\u00e7a d\u2019avoir l\u2019autorisation de recruter un joker m\u00e9dical. Cependant Les-Transferts annonce que la Ligue de football professionnel espagnole remet en cause la v\u00e9ritable dur\u00e9e d\u2019indisponibilit\u00e9 du Fran\u00e7ais. La f\u00e9d\u00e9ration ib\u00e9rique s\u2019appuierait sur une blessure similaire d\u2019Ousmane Demb\u00e9l\u00e9 pour d\u00e9cider [&hellip;]<\/p>\n","protected":false},"author":1738,"featured_media":76099,"comment_status":"closed","ping_status":"closed","sticky":false,"template":"","format":"standard","meta":{"fifu_image_url":"","fifu_image_alt":"","footnotes":""},"categories":[53,75],"tags":[],"class_list":["post-76098","post","type-post","status-publish","format-standard","has-post-thumbnail","hentry","category-algerie","category-sport"],"_links":{"self":[{"href":"https:\/\/linitiative.ca\/International\/wp-json\/wp\/v2\/posts\/76098","targetHints":{"allow":["GET"]}}],"collection":[{"href":"https:\/\/linitiative.ca\/International\/wp-json\/wp\/v2\/posts"}],"about":[{"href":"https:\/\/linitiative.ca\/International\/wp-json\/wp\/v2\/types\/post"}],"author":[{"embeddable":true,"href":"https:\/\/linitiative.ca\/International\/wp-json\/wp\/v2\/users\/1738"}],"replies":[{"embeddable":true,"href":"https:\/\/linitiative.ca\/International\/wp-json\/wp\/v2\/comments?post=76098"}],"version-history":[{"count":0,"href":"https:\/\/linitiative.ca\/International\/wp-json\/wp\/v2\/posts\/76098\/revisions"}],"wp:featuredmedia":[{"embeddable":true,"href":"https:\/\/linitiative.ca\/International\/wp-json\/"}],"wp:attachment":[{"href":"https:\/\/linitiative.ca\/International\/wp-json\/wp\/v2\/media?parent=76098"}],"wp:term":[{"taxonomy":"category","embeddable":true,"href":"https:\/\/linitiative.ca\/International\/wp-json\/wp\/v2\/categories?post=76098"},{"taxonomy":"post_tag","embeddable":true,"href":"https:\/\/linitiative.ca\/International\/wp-json\/wp\/v2\/tags?post=76098"}],"curies":[{"name":"wp","href":"https:\/\/api.w.org\/{rel}","templated":true}]}}