{"id":76102,"date":"2020-02-14T15:14:09","date_gmt":"2020-02-14T20:14:09","guid":{"rendered":"https:\/\/linitiative.ca\/International\/international-manchester-city-enorme-coup-dur-pour-mahrez-et-ses-coequipiers-sur-la-scene-europeenne\/"},"modified":"2020-02-14T15:14:09","modified_gmt":"2020-02-14T20:14:09","slug":"international-manchester-city-enorme-coup-dur-pour-mahrez-et-ses-coequipiers-sur-la-scene-europeenne","status":"publish","type":"post","link":"https:\/\/linitiative.ca\/International\/international-manchester-city-enorme-coup-dur-pour-mahrez-et-ses-coequipiers-sur-la-scene-europeenne\/","title":{"rendered":"International : Manchester City: Enorme coup dur pour Mahrez et ses co\u00e9quipiers sur la sc\u00e8ne europ\u00e9enne !"},"content":{"rendered":"<div readability=\"32\">\n<p>Auteur : <span class=\"time\">vendredi 14 f\u00e9vrier 2020 20:02<\/span><\/p>\n<\/div>\n<div id=\"post_core\" readability=\"47\">\n<p>Pour manquement aux r\u00e8gles du fair-play financier, entre autres, l&rsquo;UEFA a d\u00e9cid\u00e9 d&rsquo;exclure Manchester City des comp\u00e9titions europ\u00e9ennes pour les deux prochaines saisons. Les Skyblues devront \u00e9galement r\u00e9gler une amende de 30 millions d&rsquo;euros, m\u00eame s&rsquo;ils peuvent encore faire appel de cette d\u00e9cision: \u00abD\u00e9\u00e7u, mais pas surpris.\u00bb Dans la foul\u00e9e de l&rsquo;UEFA, qui a annonc\u00e9 dans un communiqu\u00e9 sa d\u00e9cision d&rsquo;exclure Manchester City des deux prochaines comp\u00e9titions europ\u00e9ennes et de lui infliger une amende de 30 millions d&rsquo;euros, le club a fait part de ses sentiments. Et annonce d&#8217;embl\u00e9e faire appel aupr\u00e8s du Tribunal Arbitral du Sport (TAS) et de chercher un organisme \u00abimpartial\u00bb pour juger de la situation. Pour l&rsquo;UEFA, les preuves sont pourtant irr\u00e9futables quant aux manquements de Manchester City vis-\u00e0-vis des r\u00e8gles du fair-play financier. \u00abConsid\u00e9rant toutes les preuves, la Chambre a trouv\u00e9 que Manchester City est impliqu\u00e9 dans de s\u00e9rieuses violations du fair-play financier en \u00e9valuant \u00e0 l&rsquo;exc\u00e8s ses revenus de sponsoring dans ses comptes et les informations sur le seuil de rentabilit\u00e9 soumises \u00e0 l&rsquo;UEFA entre 2012 et 2016\u00bb, pr\u00e9cise le communiqu\u00e9 de l&rsquo;institution continentale. \u00c0 l&rsquo;heure actuelle, le club actuellement dirig\u00e9 par Pep Guardiola ne participera donc pas aux deux prochaines Ligue des champions &#8211; ou Ligue Europa &#8211; et devra s&rsquo;acquitter d&rsquo;une s\u00e9rieuse amende rapporte France Football.<\/p>\n<p><strong>Publi\u00e9 dans :<\/strong> <span>Manchester City<\/span> <span>Mahrez<\/span><\/p>\n<\/div>\n<p>Auteur:<br \/>\n<a href=\"http:\/\/www.lebuteur.com\/article\/detail?titre=manchester-city-enorme-coup-dur-pour-mahrez-et-ses-coequipiers-sur-la-scene-europeenne&#038;id=94801&#038;utm_source=feedburner&#038;utm_medium=feed&#038;utm_campaign=Feed%3A+GalerieFArtciles+%28Les+derniers+articles++-+lebuteur.com%29\">Cliquez ici pour lire l&rsquo;article depuis sa source.<\/a><\/p>\n","protected":false},"excerpt":{"rendered":"<p>Auteur : vendredi 14 f\u00e9vrier 2020 20:02 Pour manquement aux r\u00e8gles du fair-play financier, entre autres, l&rsquo;UEFA a d\u00e9cid\u00e9 d&rsquo;exclure Manchester City des comp\u00e9titions europ\u00e9ennes pour les deux prochaines saisons. Les Skyblues devront \u00e9galement r\u00e9gler une amende de 30 millions d&rsquo;euros, m\u00eame s&rsquo;ils peuvent encore faire appel de cette d\u00e9cision: \u00abD\u00e9\u00e7u, mais pas surpris.\u00bb Dans [&hellip;]<\/p>\n","protected":false},"author":1738,"featured_media":76103,"comment_status":"closed","ping_status":"closed","sticky":false,"template":"","format":"standard","meta":{"fifu_image_url":"","fifu_image_alt":"","footnotes":""},"categories":[53,75],"tags":[],"class_list":["post-76102","post","type-post","status-publish","format-standard","has-post-thumbnail","hentry","category-algerie","category-sport"],"_links":{"self":[{"href":"https:\/\/linitiative.ca\/International\/wp-json\/wp\/v2\/posts\/76102","targetHints":{"allow":["GET"]}}],"collection":[{"href":"https:\/\/linitiative.ca\/International\/wp-json\/wp\/v2\/posts"}],"about":[{"href":"https:\/\/linitiative.ca\/International\/wp-json\/wp\/v2\/types\/post"}],"author":[{"embeddable":true,"href":"https:\/\/linitiative.ca\/International\/wp-json\/wp\/v2\/users\/1738"}],"replies":[{"embeddable":true,"href":"https:\/\/linitiative.ca\/International\/wp-json\/wp\/v2\/comments?post=76102"}],"version-history":[{"count":0,"href":"https:\/\/linitiative.ca\/International\/wp-json\/wp\/v2\/posts\/76102\/revisions"}],"wp:featuredmedia":[{"embeddable":true,"href":"https:\/\/linitiative.ca\/International\/wp-json\/"}],"wp:attachment":[{"href":"https:\/\/linitiative.ca\/International\/wp-json\/wp\/v2\/media?parent=76102"}],"wp:term":[{"taxonomy":"category","embeddable":true,"href":"https:\/\/linitiative.ca\/International\/wp-json\/wp\/v2\/categories?post=76102"},{"taxonomy":"post_tag","embeddable":true,"href":"https:\/\/linitiative.ca\/International\/wp-json\/wp\/v2\/tags?post=76102"}],"curies":[{"name":"wp","href":"https:\/\/api.w.org\/{rel}","templated":true}]}}