{"id":76104,"date":"2020-02-14T15:14:12","date_gmt":"2020-02-14T20:14:12","guid":{"rendered":"https:\/\/linitiative.ca\/International\/pros-monaco-montpellier-slimani-retrouve-sa-place-dans-le-onze-delort-suspendu\/"},"modified":"2020-02-14T15:14:12","modified_gmt":"2020-02-14T20:14:12","slug":"pros-monaco-montpellier-slimani-retrouve-sa-place-dans-le-onze-delort-suspendu","status":"publish","type":"post","link":"https:\/\/linitiative.ca\/International\/pros-monaco-montpellier-slimani-retrouve-sa-place-dans-le-onze-delort-suspendu\/","title":{"rendered":"Pros : Monaco-Montpellier : Slimani retrouve sa place dans le onze. Delort suspendu"},"content":{"rendered":"<div readability=\"32\">\n<p>Auteur : <span class=\"time\">vendredi 14 f\u00e9vrier 2020 20:07<\/span><\/p>\n<\/div>\n<div id=\"post_core\" readability=\"56\">\n<p>L&rsquo;entra\u00eeneur mon\u00e9gasque Robert Moreno doit composer avec trois suspendus : Martins, Silva et Tchouameni. L&rsquo;Espagnol choisit de titulariser Ben Yedder, Slimani et Jovetic en attaque. En face, le coach montpelli\u00e9rain Michel Der Zakarian est priv\u00e9 de son gardien num\u00e9ro 1 et de son meilleur atout offensif avec les suspensions de Rulli et Delort. . Voici la composition des deux \u00e9quipes.<\/p>\n<p><strong>Monaco :<\/strong> Lecomte &#8211; Aguilar, Glik (c), Maripan, Ballo-Tour\u00e9 &#8211; Fofana, Bakayoko, Golovin &#8211; Jovetic &#8211; Slimani, Ben Yedder.<\/p>\n<p><strong>Montpellier :<\/strong> Bertaud &#8211; Le Tallec, Hilton (c), Congr\u00e9 &#8211; Souquet, Chotard, Savanier, Ristic &#8211; Mollet, Ferri &#8211; Laborde.<\/p>\n<p><strong>Publi\u00e9 dans :<\/strong> <span>monaco<\/span><\/p>\n<\/div>\n<p>Auteur:<br \/>\n<a href=\"http:\/\/www.lebuteur.com\/article\/detail?titre=monaco-montpellier-slimani-retrouve-sa-place-dans-le-onze-delort-suspendu&#038;id=94803&#038;utm_source=feedburner&#038;utm_medium=feed&#038;utm_campaign=Feed%3A+GalerieFArtciles+%28Les+derniers+articles++-+lebuteur.com%29\">Cliquez ici pour lire l&rsquo;article depuis sa source.<\/a><\/p>\n","protected":false},"excerpt":{"rendered":"<p>Auteur : vendredi 14 f\u00e9vrier 2020 20:07 L&rsquo;entra\u00eeneur mon\u00e9gasque Robert Moreno doit composer avec trois suspendus : Martins, Silva et Tchouameni. L&rsquo;Espagnol choisit de titulariser Ben Yedder, Slimani et Jovetic en attaque. En face, le coach montpelli\u00e9rain Michel Der Zakarian est priv\u00e9 de son gardien num\u00e9ro 1 et de son meilleur atout offensif avec les [&hellip;]<\/p>\n","protected":false},"author":1738,"featured_media":76105,"comment_status":"closed","ping_status":"closed","sticky":false,"template":"","format":"standard","meta":{"fifu_image_url":"","fifu_image_alt":"","footnotes":""},"categories":[53,75],"tags":[],"class_list":["post-76104","post","type-post","status-publish","format-standard","has-post-thumbnail","hentry","category-algerie","category-sport"],"_links":{"self":[{"href":"https:\/\/linitiative.ca\/International\/wp-json\/wp\/v2\/posts\/76104","targetHints":{"allow":["GET"]}}],"collection":[{"href":"https:\/\/linitiative.ca\/International\/wp-json\/wp\/v2\/posts"}],"about":[{"href":"https:\/\/linitiative.ca\/International\/wp-json\/wp\/v2\/types\/post"}],"author":[{"embeddable":true,"href":"https:\/\/linitiative.ca\/International\/wp-json\/wp\/v2\/users\/1738"}],"replies":[{"embeddable":true,"href":"https:\/\/linitiative.ca\/International\/wp-json\/wp\/v2\/comments?post=76104"}],"version-history":[{"count":0,"href":"https:\/\/linitiative.ca\/International\/wp-json\/wp\/v2\/posts\/76104\/revisions"}],"wp:featuredmedia":[{"embeddable":true,"href":"https:\/\/linitiative.ca\/International\/wp-json\/"}],"wp:attachment":[{"href":"https:\/\/linitiative.ca\/International\/wp-json\/wp\/v2\/media?parent=76104"}],"wp:term":[{"taxonomy":"category","embeddable":true,"href":"https:\/\/linitiative.ca\/International\/wp-json\/wp\/v2\/categories?post=76104"},{"taxonomy":"post_tag","embeddable":true,"href":"https:\/\/linitiative.ca\/International\/wp-json\/wp\/v2\/tags?post=76104"}],"curies":[{"name":"wp","href":"https:\/\/api.w.org\/{rel}","templated":true}]}}