{"id":76106,"date":"2020-02-14T15:14:14","date_gmt":"2020-02-14T20:14:14","guid":{"rendered":"https:\/\/linitiative.ca\/International\/international-man-city-repond-a-la-sanction-de-luefa\/"},"modified":"2020-02-14T15:14:14","modified_gmt":"2020-02-14T20:14:14","slug":"international-man-city-repond-a-la-sanction-de-luefa","status":"publish","type":"post","link":"https:\/\/linitiative.ca\/International\/international-man-city-repond-a-la-sanction-de-luefa\/","title":{"rendered":"International : Man City r\u00e9pond \u00e0 la sanction de l&rsquo;UEFA"},"content":{"rendered":"<div readability=\"32\">\n<p>Auteur : <span class=\"time\">vendredi 14 f\u00e9vrier 2020 20:46<\/span><\/p>\n<\/div>\n<div id=\"post_core\" readability=\"45\">\n<p>Sans surprise, le club anglais a d\u00e9cid\u00e9 de faire appel aupr\u00e8s du Tribunal arbitral du sport (TAS), publiant notamment un communiqu\u00e9 \u00e0 charge contre l&rsquo;instance europ\u00e9enne.<\/p>\n<p>\u00ab\u00a0Il s&rsquo;agit d&rsquo;une affaire initi\u00e9e par l&rsquo;UEFA, instruite par l&rsquo;UEFA et jug\u00e9e par l&rsquo;UEFA. Ce processus pr\u00e9judiciable \u00e9tant d\u00e9sormais termin\u00e9, le club s&rsquo;efforcera d&rsquo;obtenir un jugement impartial le plus rapidement possible\u00a0\u00bb, a indiqu\u00e9 l&rsquo;\u00e9curie mancunienne sur son site officiel et comme le rapporte Maxifoot. On en saura donc plus dans les prochaines semaines&#8230;<\/p>\n<p><strong>Publi\u00e9 dans :<\/strong> <span>Manchester City<\/span><\/p>\n<\/div>\n<p>Auteur:<br \/>\n<a href=\"http:\/\/www.lebuteur.com\/article\/detail?titre=man-city-repond-a-la-sanction-de-luefa&#038;id=94804&#038;utm_source=feedburner&#038;utm_medium=feed&#038;utm_campaign=Feed%3A+GalerieFArtciles+%28Les+derniers+articles++-+lebuteur.com%29\">Cliquez ici pour lire l&rsquo;article depuis sa source.<\/a><\/p>\n","protected":false},"excerpt":{"rendered":"<p>Auteur : vendredi 14 f\u00e9vrier 2020 20:46 Sans surprise, le club anglais a d\u00e9cid\u00e9 de faire appel aupr\u00e8s du Tribunal arbitral du sport (TAS), publiant notamment un communiqu\u00e9 \u00e0 charge contre l&rsquo;instance europ\u00e9enne. \u00ab\u00a0Il s&rsquo;agit d&rsquo;une affaire initi\u00e9e par l&rsquo;UEFA, instruite par l&rsquo;UEFA et jug\u00e9e par l&rsquo;UEFA. Ce processus pr\u00e9judiciable \u00e9tant d\u00e9sormais termin\u00e9, le club [&hellip;]<\/p>\n","protected":false},"author":1738,"featured_media":76107,"comment_status":"closed","ping_status":"closed","sticky":false,"template":"","format":"standard","meta":{"fifu_image_url":"","fifu_image_alt":"","footnotes":""},"categories":[53,75],"tags":[],"class_list":["post-76106","post","type-post","status-publish","format-standard","has-post-thumbnail","hentry","category-algerie","category-sport"],"_links":{"self":[{"href":"https:\/\/linitiative.ca\/International\/wp-json\/wp\/v2\/posts\/76106","targetHints":{"allow":["GET"]}}],"collection":[{"href":"https:\/\/linitiative.ca\/International\/wp-json\/wp\/v2\/posts"}],"about":[{"href":"https:\/\/linitiative.ca\/International\/wp-json\/wp\/v2\/types\/post"}],"author":[{"embeddable":true,"href":"https:\/\/linitiative.ca\/International\/wp-json\/wp\/v2\/users\/1738"}],"replies":[{"embeddable":true,"href":"https:\/\/linitiative.ca\/International\/wp-json\/wp\/v2\/comments?post=76106"}],"version-history":[{"count":0,"href":"https:\/\/linitiative.ca\/International\/wp-json\/wp\/v2\/posts\/76106\/revisions"}],"wp:featuredmedia":[{"embeddable":true,"href":"https:\/\/linitiative.ca\/International\/wp-json\/"}],"wp:attachment":[{"href":"https:\/\/linitiative.ca\/International\/wp-json\/wp\/v2\/media?parent=76106"}],"wp:term":[{"taxonomy":"category","embeddable":true,"href":"https:\/\/linitiative.ca\/International\/wp-json\/wp\/v2\/categories?post=76106"},{"taxonomy":"post_tag","embeddable":true,"href":"https:\/\/linitiative.ca\/International\/wp-json\/wp\/v2\/tags?post=76106"}],"curies":[{"name":"wp","href":"https:\/\/api.w.org\/{rel}","templated":true}]}}