{"id":76108,"date":"2020-02-14T15:19:01","date_gmt":"2020-02-14T20:19:01","guid":{"rendered":"https:\/\/linitiative.ca\/International\/resolution-de-la-crise-libyenne-la-mauritanie-appuie-le-role-de-lalgerie\/"},"modified":"2020-02-14T15:19:01","modified_gmt":"2020-02-14T20:19:01","slug":"resolution-de-la-crise-libyenne-la-mauritanie-appuie-le-role-de-lalgerie","status":"publish","type":"post","link":"https:\/\/linitiative.ca\/International\/resolution-de-la-crise-libyenne-la-mauritanie-appuie-le-role-de-lalgerie\/","title":{"rendered":"R\u00e9solution de la crise libyenne :  La Mauritanie appuie le r\u00f4le  de l\u2019Alg\u00e9rie"},"content":{"rendered":"<p>R\u00e9pondant \u00e0 une question, lors d&rsquo;une conf\u00e9rence de presse conjointe avec le ministre des Affaires \u00e9trang\u00e8res, Sabri Boukadoum, concernant la position de son pays vis-\u00e0-vis de la proposition du pr\u00e9sident de la R\u00e9publique, M. Abdelmadjid Tebboune, pour accueillir le dialogue entre les fr\u00e8res libyens, M. Ould Cheikh a d\u00e9clar\u00e9 : \u00abNous saluons cette initiative qui apportera, selon nous, un d\u00e9veloppement positif dans la r\u00e9solution de la crise libyenne, qui s&rsquo;est aggrav\u00e9e et a atteint un niveau alarmant.\u00bb\u00a0<\/p>\n<p>Le chef de la diplomatie mauritanienne a fait \u00e9tat, dans ce cadre, d&rsquo;une \u00abgrande convergence\u00bb des vues entre les deux pays, notamment en ce qui concerne la condamnation de toute forme d&rsquo;intervention \u00e9trang\u00e8re.\u00a0<\/p>\n<p>\u00abL&rsquo;intervention \u00e9trang\u00e8re sous toutes ses formes ne peut qu&rsquo;affecter la solution de cette crise et la s\u00e9curit\u00e9 dans la r\u00e9gion\u00bb, a-t-il ajout\u00e9, affirmant que la Mauritanie se \u00abtient du c\u00f4t\u00e9 de l&rsquo;Alg\u00e9rie et est dispos\u00e9e \u00e0 fournir des efforts pour solutionner cette crise\u00bb.<\/p>\n<p>Assurant que \u00abl&rsquo;Alg\u00e9rie a toujours eu un r\u00f4le constructif et positif sous la direction du pr\u00e9sident de la R\u00e9publique, M. Abdelmadjid Tebboune, dans la r\u00e9solution de la crise en Libye\u00bb, M. Ould Cheikh a r\u00e9it\u00e9r\u00e9 le soutien de son pays \u00e0 ces d\u00e9marches, dans le cadre de l&rsquo;Union du Maghreb Arabe (UMA) et du Comit\u00e9 de haut niveau de l&rsquo;Union africaine (UA). Abordant les relations bilat\u00e9rales, le chef de la diplomatie mauritanienne a indiqu\u00e9 que le volet \u00e9conomique \u00aba de tout temps \u00e9tait au c\u0153ur de ces relations\u00bb, en t\u00e9moigne, a-t-il dit, la pr\u00e9sence du produit alg\u00e9rien en Mauritanie. La\u2008coop\u00e9ration bilat\u00e9rale \u00abaugure d&rsquo;un avenir prometteur\u00bb, a-t-il dit, soulignant la possibilit\u00e9 de r\u00e9aliser une ligne ferroviaire reliant les deux pays. Le ministre des Affaires \u00e9trang\u00e8res, Sabri Boukadoum, a annonc\u00e9, pour sa part, une visite prochaine \u00e0 Tripoli, affirmant \u00eatre \u00aben contact permanent avec l&rsquo;ensemble des parties libyennes\u00bb.\u00a0\u00a0<\/p>\n<p>Concernant le conflit syrien, M. Boukadoum, qui a rappel\u00e9 la position alg\u00e9rienne vis-\u00e0-vis de la crise dans ce pays, a affirm\u00e9 que l&rsquo;Alg\u00e9rie n&rsquo;a jamais ferm\u00e9 son ambassade en Syrie. Il a appel\u00e9, \u00e0 cette occasion, les \u00c9tats arabes \u00e0 accepter le retour de la Syrie au sein de la Ligue arabe. Par ailleurs, M.\u2008Boukadoum a annonc\u00e9 la promulgation \u00abprochaine\u00bb du d\u00e9cret relatif \u00e0 la cr\u00e9ation de l&rsquo;Agence alg\u00e9rienne de coop\u00e9ration internationale \u00e0 vocation africaine. Cette Agence aura \u00e0 s&rsquo;acquitter d&rsquo;un \u00abr\u00f4le important\u00bb en mati\u00e8re de coop\u00e9ration avec l&rsquo;ensemble des pays du Sahel, du Maghreb arabe et de l&rsquo;Afrique, a-t-il dit.<\/p>\n<p>Auteur: elmoudjahid<br \/>\n<a href=\"http:\/\/www.elmoudjahid.com\/fr\/actualites\/148393\">Cliquez ici pour lire l&rsquo;article depuis sa source.<\/a><\/p>\n","protected":false},"excerpt":{"rendered":"<p>R\u00e9pondant \u00e0 une question, lors d&rsquo;une conf\u00e9rence de presse conjointe avec le ministre des Affaires \u00e9trang\u00e8res, Sabri Boukadoum, concernant la position de son pays vis-\u00e0-vis de la proposition du pr\u00e9sident de la R\u00e9publique, M. Abdelmadjid Tebboune, pour accueillir le dialogue entre les fr\u00e8res libyens, M. Ould Cheikh a d\u00e9clar\u00e9 : \u00abNous saluons cette initiative qui [&hellip;]<\/p>\n","protected":false},"author":1744,"featured_media":0,"comment_status":"closed","ping_status":"closed","sticky":false,"template":"","format":"standard","meta":{"fifu_image_url":"","fifu_image_alt":"","footnotes":""},"categories":[73,53],"tags":[],"class_list":["post-76108","post","type-post","status-publish","format-standard","hentry","category-actualite","category-algerie"],"_links":{"self":[{"href":"https:\/\/linitiative.ca\/International\/wp-json\/wp\/v2\/posts\/76108","targetHints":{"allow":["GET"]}}],"collection":[{"href":"https:\/\/linitiative.ca\/International\/wp-json\/wp\/v2\/posts"}],"about":[{"href":"https:\/\/linitiative.ca\/International\/wp-json\/wp\/v2\/types\/post"}],"author":[{"embeddable":true,"href":"https:\/\/linitiative.ca\/International\/wp-json\/wp\/v2\/users\/1744"}],"replies":[{"embeddable":true,"href":"https:\/\/linitiative.ca\/International\/wp-json\/wp\/v2\/comments?post=76108"}],"version-history":[{"count":0,"href":"https:\/\/linitiative.ca\/International\/wp-json\/wp\/v2\/posts\/76108\/revisions"}],"wp:attachment":[{"href":"https:\/\/linitiative.ca\/International\/wp-json\/wp\/v2\/media?parent=76108"}],"wp:term":[{"taxonomy":"category","embeddable":true,"href":"https:\/\/linitiative.ca\/International\/wp-json\/wp\/v2\/categories?post=76108"},{"taxonomy":"post_tag","embeddable":true,"href":"https:\/\/linitiative.ca\/International\/wp-json\/wp\/v2\/tags?post=76108"}],"curies":[{"name":"wp","href":"https:\/\/api.w.org\/{rel}","templated":true}]}}