{"id":76109,"date":"2020-02-14T15:19:04","date_gmt":"2020-02-14T20:19:04","guid":{"rendered":"https:\/\/linitiative.ca\/International\/le-chef-de-letat-recoit-un-message-ecrit-de-son-homologue-mauritanien-des-visites-bilaterales-prevues\/"},"modified":"2020-02-14T15:19:04","modified_gmt":"2020-02-14T20:19:04","slug":"le-chef-de-letat-recoit-un-message-ecrit-de-son-homologue-mauritanien-des-visites-bilaterales-prevues","status":"publish","type":"post","link":"https:\/\/linitiative.ca\/International\/le-chef-de-letat-recoit-un-message-ecrit-de-son-homologue-mauritanien-des-visites-bilaterales-prevues\/","title":{"rendered":"Le chef de l\u2019\u00e9tat re\u00e7oit un message \u00e9crit  de son homologue mauritanien :  Des visites bilat\u00e9rales pr\u00e9vues"},"content":{"rendered":"<p>\u00abL&rsquo;audience a donn\u00e9 lieu \u00e0 un \u00e9change sur la n\u00e9cessit\u00e9 de consolider la coordination et la concertation concernant les questions maghr\u00e9bines, d&rsquo;\u00e9largir des domaines de la coop\u00e9ration bilat\u00e9rale, notamment la formation professionnelle, l&rsquo;\u00e9nergie, les \u00e9changes commerciaux, et de renforcer le transport terrestre, \u00e0 la faveur du parach\u00e8vement de la route reliant les villes de Zou\u00e9rat et de Tindouf\u00bb, a pr\u00e9cis\u00e9 le communiqu\u00e9.<\/p>\n<p>\u00abRemerciant l&rsquo;Alg\u00e9rie pour l&rsquo;accueil r\u00e9serv\u00e9 aux \u00e9tudiants mauritaniens dans ses instituts et universit\u00e9s\u00bb, le chef de la diplomatie mauritanienne a exprim\u00e9 \u00abla gratitude de son pays pour le rapatriement des ressortissants mauritaniens de la ville chinoise de Wuhan \u00e0 bord du m\u00eame vol que les \u00e9tudiant alg\u00e9riens, tunisiens et libyens\u00bb. \u00abUn geste hautement appr\u00e9ci\u00e9 par le peuple mauritanien\u00bb, a-t-il assur\u00e9.\u00a0<\/p>\n<p>Lors de cette audience, le Pr\u00e9sident Tebboune a re\u00e7u une invitation officielle de son homologue mauritanien, Mohamed Ould Cheikh El-Ghazouani, pour une visite en Mauritanie. \u00ab\u00c0 son tour, le Pr\u00e9sident Tebboune a invit\u00e9 officiellement son homologue mauritanien pour une visite en Alg\u00e9rie \u00e0 une date qui sera convenue par voie diplomatique\u00bb, a conclu le communiqu\u00e9 de la pr\u00e9sidence de la R\u00e9publique.<\/p>\n<p>Auteur: elmoudjahid<br \/>\n<a href=\"http:\/\/www.elmoudjahid.com\/fr\/actualites\/148394\">Cliquez ici pour lire l&rsquo;article depuis sa source.<\/a><\/p>\n","protected":false},"excerpt":{"rendered":"<p>\u00abL&rsquo;audience a donn\u00e9 lieu \u00e0 un \u00e9change sur la n\u00e9cessit\u00e9 de consolider la coordination et la concertation concernant les questions maghr\u00e9bines, d&rsquo;\u00e9largir des domaines de la coop\u00e9ration bilat\u00e9rale, notamment la formation professionnelle, l&rsquo;\u00e9nergie, les \u00e9changes commerciaux, et de renforcer le transport terrestre, \u00e0 la faveur du parach\u00e8vement de la route reliant les villes de Zou\u00e9rat [&hellip;]<\/p>\n","protected":false},"author":1744,"featured_media":0,"comment_status":"closed","ping_status":"closed","sticky":false,"template":"","format":"standard","meta":{"fifu_image_url":"","fifu_image_alt":"","footnotes":""},"categories":[73,53],"tags":[],"class_list":["post-76109","post","type-post","status-publish","format-standard","hentry","category-actualite","category-algerie"],"_links":{"self":[{"href":"https:\/\/linitiative.ca\/International\/wp-json\/wp\/v2\/posts\/76109","targetHints":{"allow":["GET"]}}],"collection":[{"href":"https:\/\/linitiative.ca\/International\/wp-json\/wp\/v2\/posts"}],"about":[{"href":"https:\/\/linitiative.ca\/International\/wp-json\/wp\/v2\/types\/post"}],"author":[{"embeddable":true,"href":"https:\/\/linitiative.ca\/International\/wp-json\/wp\/v2\/users\/1744"}],"replies":[{"embeddable":true,"href":"https:\/\/linitiative.ca\/International\/wp-json\/wp\/v2\/comments?post=76109"}],"version-history":[{"count":0,"href":"https:\/\/linitiative.ca\/International\/wp-json\/wp\/v2\/posts\/76109\/revisions"}],"wp:attachment":[{"href":"https:\/\/linitiative.ca\/International\/wp-json\/wp\/v2\/media?parent=76109"}],"wp:term":[{"taxonomy":"category","embeddable":true,"href":"https:\/\/linitiative.ca\/International\/wp-json\/wp\/v2\/categories?post=76109"},{"taxonomy":"post_tag","embeddable":true,"href":"https:\/\/linitiative.ca\/International\/wp-json\/wp\/v2\/tags?post=76109"}],"curies":[{"name":"wp","href":"https:\/\/api.w.org\/{rel}","templated":true}]}}