{"id":76110,"date":"2020-02-14T15:19:06","date_gmt":"2020-02-14T20:19:06","guid":{"rendered":"https:\/\/linitiative.ca\/International\/le-president-tebboune-recoit-le-mae-grec-le-chef-de-letat-invite-a-effectuer-une-visite-officielle-en-grece\/"},"modified":"2020-02-14T15:19:06","modified_gmt":"2020-02-14T20:19:06","slug":"le-president-tebboune-recoit-le-mae-grec-le-chef-de-letat-invite-a-effectuer-une-visite-officielle-en-grece","status":"publish","type":"post","link":"https:\/\/linitiative.ca\/International\/le-president-tebboune-recoit-le-mae-grec-le-chef-de-letat-invite-a-effectuer-une-visite-officielle-en-grece\/","title":{"rendered":"Le Pr\u00e9sident Tebboune re\u00e7oit le MAE grec :  Le chef de l\u2019\u00e9tat invit\u00e9 \u00e0 effectuer une visite officielle en Gr\u00e8ce"},"content":{"rendered":"<div class=\"TxArtcile\" readability=\"29\">\n<div class=\"ImgCapt\"><img loading=\"lazy\" decoding=\"async\" width=\"208\" height=\"208\" src=\"http:\/\/www.elmoudjahid.com\/temp\/fr\/actualite2[148395].jpg\" alt=\"\"\/><span>D.R<\/span><\/div>\n<p>\u00abAu d\u00e9but de l&rsquo;audience, le Pr\u00e9sident de la R\u00e9publique a re\u00e7u une invitation du Premier ministre grec, M. Kyriakos Mitsotakis, pour effectuer une visite officielle en Gr\u00e8ce, qu&rsquo;il a accept\u00e9e. La date de cette visite sera fix\u00e9e ult\u00e9rieurement avec l&rsquo;accord des deux parties\u00bb, pr\u00e9cise le communiqu\u00e9. L&rsquo;entretien a \u00abport\u00e9 sur les relations bilat\u00e9rales privil\u00e9gi\u00e9es dans le domaine politique. Toutefois, ces relations n\u00e9cessitent une forte impulsion dans le domaine \u00e9conomique pour l&rsquo;exploitation des capacit\u00e9s et potentialit\u00e9s des deux pays\u00bb, ajoute la m\u00eame source, soulignant, \u00e0 cet effet, qu&rsquo; \u00abil a \u00e9t\u00e9 convenu de la n\u00e9cessit\u00e9 de r\u00e9activer les travaux de la commission mixte de coop\u00e9ration, \u00e9tant un m\u00e9canisme efficace pour l&rsquo;encouragement des investissements et le renforcement de la coordination et de la concertation\u00bb. Lors de cette audience, les deux parties \u00abont \u00e9chang\u00e9 les vues sur la situation dans la r\u00e9gion, particuli\u00e8rement en Libye\u00bb, selon le m\u00eame communiqu\u00e9, relevant \u00abune convergence des vues de l&rsquo;Alg\u00e9rie et de la Gr\u00e8ce sur le rejet de toute intervention militaire \u00e9trang\u00e8re, en vue de permettre au peuple libyen de recouvrer s\u00e9curit\u00e9 et paix sur son territoire, par le dialogue politique entre les parties bellig\u00e9rantes, \u00e0 la lumi\u00e8re de l&rsquo;accord de la conf\u00e9rence de Berlin, en conformit\u00e9 avec la l\u00e9galit\u00e9 internationale\u00bb.<\/p>\n<\/div>\n<div class=\"ModliArtilUne\">\n<ul>\n<li><strong>Publi\u00e9 dans :<\/strong><\/li>\n<\/ul>\n<\/div>\n<div class=\"MbComIns\" id=\"newcom\" readability=\"5.69402985075\">\n<h6>DONNEZ VOTRE AVIS<\/h6>\n<p>Il n&rsquo;y a actuellement aucune r\u00e9action \u00e0 cette information. Soyez le premier \u00e0 r\u00e9agir !<\/p>\n<p><a href=\"\" rel=\"#popup\" class=\"login resetbutton\">Identifiez-vous<\/a><a class=\"button\" href=\"http:\/\/www.elmoudjahid.com\/fr\/inscription\/\"><span>S&rsquo;inscrire<\/span><\/a><\/p>\n<\/div>\n<p>Auteur: elmoudjahid<br \/>\n<a href=\"http:\/\/www.elmoudjahid.com\/fr\/actualites\/148395\">Cliquez ici pour lire l&rsquo;article depuis sa source.<\/a><\/p>\n","protected":false},"excerpt":{"rendered":"<p>D.R \u00abAu d\u00e9but de l&rsquo;audience, le Pr\u00e9sident de la R\u00e9publique a re\u00e7u une invitation du Premier ministre grec, M. Kyriakos Mitsotakis, pour effectuer une visite officielle en Gr\u00e8ce, qu&rsquo;il a accept\u00e9e. La date de cette visite sera fix\u00e9e ult\u00e9rieurement avec l&rsquo;accord des deux parties\u00bb, pr\u00e9cise le communiqu\u00e9. L&rsquo;entretien a \u00abport\u00e9 sur les relations bilat\u00e9rales privil\u00e9gi\u00e9es [&hellip;]<\/p>\n","protected":false},"author":1744,"featured_media":76111,"comment_status":"closed","ping_status":"closed","sticky":false,"template":"","format":"standard","meta":{"fifu_image_url":"","fifu_image_alt":"","footnotes":""},"categories":[73,53],"tags":[],"class_list":["post-76110","post","type-post","status-publish","format-standard","has-post-thumbnail","hentry","category-actualite","category-algerie"],"_links":{"self":[{"href":"https:\/\/linitiative.ca\/International\/wp-json\/wp\/v2\/posts\/76110","targetHints":{"allow":["GET"]}}],"collection":[{"href":"https:\/\/linitiative.ca\/International\/wp-json\/wp\/v2\/posts"}],"about":[{"href":"https:\/\/linitiative.ca\/International\/wp-json\/wp\/v2\/types\/post"}],"author":[{"embeddable":true,"href":"https:\/\/linitiative.ca\/International\/wp-json\/wp\/v2\/users\/1744"}],"replies":[{"embeddable":true,"href":"https:\/\/linitiative.ca\/International\/wp-json\/wp\/v2\/comments?post=76110"}],"version-history":[{"count":0,"href":"https:\/\/linitiative.ca\/International\/wp-json\/wp\/v2\/posts\/76110\/revisions"}],"wp:featuredmedia":[{"embeddable":true,"href":"https:\/\/linitiative.ca\/International\/wp-json\/"}],"wp:attachment":[{"href":"https:\/\/linitiative.ca\/International\/wp-json\/wp\/v2\/media?parent=76110"}],"wp:term":[{"taxonomy":"category","embeddable":true,"href":"https:\/\/linitiative.ca\/International\/wp-json\/wp\/v2\/categories?post=76110"},{"taxonomy":"post_tag","embeddable":true,"href":"https:\/\/linitiative.ca\/International\/wp-json\/wp\/v2\/tags?post=76110"}],"curies":[{"name":"wp","href":"https:\/\/api.w.org\/{rel}","templated":true}]}}