{"id":76112,"date":"2020-02-14T15:19:09","date_gmt":"2020-02-14T20:19:09","guid":{"rendered":"https:\/\/linitiative.ca\/International\/rencontre-gouvernement-walis-pour-une-algerie-nouvelle\/"},"modified":"2020-02-14T15:19:09","modified_gmt":"2020-02-14T20:19:09","slug":"rencontre-gouvernement-walis-pour-une-algerie-nouvelle","status":"publish","type":"post","link":"https:\/\/linitiative.ca\/International\/rencontre-gouvernement-walis-pour-une-algerie-nouvelle\/","title":{"rendered":"Rencontre gouvernement-walis :  Pour une Alg\u00e9rie nouvelle"},"content":{"rendered":"<p>La rencontre qui se d\u00e9roulera au Palais des nations (en termes d\u2019allocutions des communicants) et au Centre international des conf\u00e9rences (en termes d\u2019organisation des ateliers et des d\u00e9bats), verra la pr\u00e9sence de 1.100 participants, dont des membres du gouvernement, des cadres centraux et locaux, des \u00e9lus ainsi que des partenaires \u00e9conomiques.<\/p>\n<p>C\u2019est dans l\u2019optique de l\u2019instauration d\u2019une Alg\u00e9rie nouvelle \u00e0 laquelle a appel\u00e9 le pr\u00e9sident de la R\u00e9publique, Abdelmadjid Tebboune, qu\u2019il a \u00e9t\u00e9 proc\u00e9d\u00e9 \u00e0 l\u2019organisation de la rencontre gouvernement-walis 2020, dans une perspective d\u2019analyse et d\u2019explication du plan d\u2019action du gouvernement et ses m\u00e9canismes de mise en \u0153uvre, selon une approche qui s\u2019appuie sur la participation des autorit\u00e9s locales, repr\u00e9sent\u00e9es par les cadres et \u00e9lus, en vue de \u00abconcr\u00e9tiser d\u2019une mani\u00e8re effective, int\u00e9gr\u00e9e et participative l\u2019ensemble des actions de d\u00e9veloppement pour lesquels s\u2019est engag\u00e9 le pr\u00e9sident de la R\u00e9publique et qui sont contenus dans le plan d\u2019action du gouvernement\u00bb, pr\u00e9cise la m\u00eame source.<\/p>\n<p>Cette rencontre s\u2019inscrit \u00e9galement dans \u00abce nouvel esprit de gouvernance, \u00e9tabli sur la base d\u2019une approche de d\u00e9veloppement durable harmonieuse, mettant en valeur la qualit\u00e9 du cadre de vie citoyen et son environnement\u00bb, selon la m\u00eame source, ajoutant que la rencontre vise aussi \u00e0 \u00ab\u00e9largir le terrain de la r\u00e9flexion et de la mise en application du plan arr\u00eat\u00e9 par les pouvoirs publics afin d\u2019\u00e9tablir une d\u00e9marche performante de d\u00e9veloppement, g\u00e9n\u00e9ratrice de richesses et favorable \u00e0 la mise en r\u00e9seau des initiatives innovantes des diff\u00e9rents acteurs tant sur le plan r\u00e9gional que local\u00bb.<\/p>\n<p>S\u2019agissant des th\u00e8mes retenus pour cette rencontre, ils s\u2019articulent autour de l\u2019am\u00e9lioration continue du cadre de vie citoyen \u00e0 travers une d\u00e9marche de planification des syst\u00e8mes de d\u00e9veloppement local, la gestion rationnelle du foncier \u00e9conomique, la mise en place d\u2019une gouvernance urbaine ax\u00e9e sur la gestion moderne des nouvelles villes et la gestion de la probl\u00e9matique routi\u00e8re dans le cadre d\u2019une strat\u00e9gie multisectorielle int\u00e9gr\u00e9e, dont la finalit\u00e9 englobe les leviers de r\u00e9duction des accidents de circulation. Les autres th\u00e8mes retenus sont en relation avec le d\u00e9senclavement des zones frontali\u00e8res et de montagne, la digitalisation des services publics locaux, le d\u00e9veloppement durable, la d\u00e9centralisation, la d\u00e9l\u00e9gation des services, l\u2019accompagnement des start-up et l\u2019intercommunalit\u00e9.\u00a0<\/p>\n<p>A cet effet, des ateliers interactifs regroupant les diff\u00e9rents participants seront anim\u00e9s d\u2019une mani\u00e8re continue tout au long de cette rencontre qui devra d\u00e9boucher sur une s\u00e9rie de recommandations op\u00e9rationnelles, susceptibles de \u00abtransformer la vision des pouvoirs publics en actions concr\u00e8tes de d\u00e9veloppement dans tous les secteurs\u00bb, souligne-t-on.<\/p>\n<p>En ce sens, six ateliers traiteront des th\u00e8mes retenus lors de cette rencontre, respectivement la qualit\u00e9 de vie du citoyen, le foncier \u00e9conomique, une gouvernance r\u00e9nov\u00e9e et ma\u00eetris\u00e9e, mobilit\u00e9 et s\u00e9curit\u00e9 routi\u00e8re, les zones \u00e0 promouvoir entre l\u2019ambition de relance et l\u2019imp\u00e9ratif d\u2019attractivit\u00e9 et en dernier la digitalisation et l\u2019intelligence collectives. Pour ce qui est des objectifs et des attentes de la rencontre gouvernement-walis, ils visent notamment \u00e0 rompre avec la pratique des plans de d\u00e9veloppement locaux synonyme de programmes de financement, placer la qualit\u00e9 de vie du citoyen, l\u2019\u00e9quit\u00e9 et la r\u00e9duction des in\u00e9galit\u00e9s au centre d\u2019int\u00e9r\u00eat de la nouvelle vision de d\u00e9veloppement local, le d\u00e9veloppement de l\u2019offre du foncier, une gestion transparente, \u00e9quitable et rationnelle du foncier \u00e9conomique ainsi qu\u2019une gestion lib\u00e9r\u00e9e des contraintes juridiques, organisationnelles et des pesanteurs bureaucratiques. Les autres objectifs consistent en la ma\u00eetrise du ph\u00e9nom\u00e8ne de la saturation urbaine, la d\u00e9congestion de la circulation routi\u00e8re des grandes villes, l\u2019att\u00e9nuation du ph\u00e9nom\u00e8ne des accidents de circulation, l\u2019am\u00e9lioration de l\u2019attractivit\u00e9 des wilayas du Sud et des Hauts Plateaux, la r\u00e9activation des leviers de d\u00e9veloppement dans les zones de montagnes et frontali\u00e8res et la g\u00e9n\u00e9ralisation de la num\u00e9risation des prestations des services publics.<\/p>\n<p>Auteur: elmoudjahid<br \/>\n<a href=\"http:\/\/www.elmoudjahid.com\/fr\/actualites\/148396\">Cliquez ici pour lire l&rsquo;article depuis sa source.<\/a><\/p>\n","protected":false},"excerpt":{"rendered":"<p>La rencontre qui se d\u00e9roulera au Palais des nations (en termes d\u2019allocutions des communicants) et au Centre international des conf\u00e9rences (en termes d\u2019organisation des ateliers et des d\u00e9bats), verra la pr\u00e9sence de 1.100 participants, dont des membres du gouvernement, des cadres centraux et locaux, des \u00e9lus ainsi que des partenaires \u00e9conomiques. C\u2019est dans l\u2019optique de [&hellip;]<\/p>\n","protected":false},"author":1744,"featured_media":0,"comment_status":"closed","ping_status":"closed","sticky":false,"template":"","format":"standard","meta":{"fifu_image_url":"","fifu_image_alt":"","footnotes":""},"categories":[73,53],"tags":[],"class_list":["post-76112","post","type-post","status-publish","format-standard","hentry","category-actualite","category-algerie"],"_links":{"self":[{"href":"https:\/\/linitiative.ca\/International\/wp-json\/wp\/v2\/posts\/76112","targetHints":{"allow":["GET"]}}],"collection":[{"href":"https:\/\/linitiative.ca\/International\/wp-json\/wp\/v2\/posts"}],"about":[{"href":"https:\/\/linitiative.ca\/International\/wp-json\/wp\/v2\/types\/post"}],"author":[{"embeddable":true,"href":"https:\/\/linitiative.ca\/International\/wp-json\/wp\/v2\/users\/1744"}],"replies":[{"embeddable":true,"href":"https:\/\/linitiative.ca\/International\/wp-json\/wp\/v2\/comments?post=76112"}],"version-history":[{"count":0,"href":"https:\/\/linitiative.ca\/International\/wp-json\/wp\/v2\/posts\/76112\/revisions"}],"wp:attachment":[{"href":"https:\/\/linitiative.ca\/International\/wp-json\/wp\/v2\/media?parent=76112"}],"wp:term":[{"taxonomy":"category","embeddable":true,"href":"https:\/\/linitiative.ca\/International\/wp-json\/wp\/v2\/categories?post=76112"},{"taxonomy":"post_tag","embeddable":true,"href":"https:\/\/linitiative.ca\/International\/wp-json\/wp\/v2\/tags?post=76112"}],"curies":[{"name":"wp","href":"https:\/\/api.w.org\/{rel}","templated":true}]}}