{"id":76125,"date":"2020-02-14T11:06:08","date_gmt":"2020-02-14T16:06:08","guid":{"rendered":"https:\/\/linitiative.ca\/International\/medi1tv-perce-dans-le-digital\/"},"modified":"2020-02-14T11:06:08","modified_gmt":"2020-02-14T16:06:08","slug":"medi1tv-perce-dans-le-digital","status":"publish","type":"post","link":"https:\/\/linitiative.ca\/International\/medi1tv-perce-dans-le-digital\/","title":{"rendered":"Medi1TV perce dans le digital"},"content":{"rendered":"<p><strong>La cha\u00eene d\u2019information en continu vient de r\u00e9v\u00e9ler les chiffres cl\u00e9s de son audience digitale en 2019.<\/strong><\/p>\n<div class=\"c10\"\/>\n<p>Strat\u00e9gie payante pour la cha\u00eene bas\u00e9e \u00e0 Tanger avec des studios \u00e0 Rabat, Dakar, Abidjan, Nouakchott, Washington, Bruxelles et Le Caire. <strong>Medi1TV<\/strong> confirme son leadership sur les r\u00e9seaux sociaux qui totalisent une audience de plus de 10 millions d\u2019utilisateurs \u00e0 travers ses diverses plateformes digitales et plus de 11 millions d\u2019interactions de ses fans en 2019.<\/p>\n<p>De plus, selon le site Social Bakers qui mesure l\u2019influence des marques sur les r\u00e9seaux sociaux, Medi1TV figure encore une fois dans le top 3 des <strong>m\u00e9dias<\/strong> marocains avec les plus fortes communaut\u00e9s de fans et d\u2019abonn\u00e9s, se pla\u00e7ant en 2\u00e8me position sur Twitter et en 3\u00e8me position sur Facebook et Youtube. Au total, Medi1TV comptabilise \u00e0 ce jour plus de 1 milliard et demi de vid\u00e9os vues sur l\u2019ensemble de ses plateformes digitales, alors que l\u2019ann\u00e9e 2019 a enregistr\u00e9 \u00e0 elle seule un demi-milliard de vid\u00e9os vues, soit un tiers de cette performance globale.<\/p>\n<p>Leader depuis plusieurs ann\u00e9es sur Facebook avec ses 6,5 millions de fans et son fort taux d\u2019engagement, Medi1TV consolide ses performances avec des r\u00e9sultats significatifs en 2019, notamment avec 220 millions de vid\u00e9os vues et 427 millions\u00a0de personnes touch\u00e9es l\u2019an dernier.<\/p>\n<div class=\"wp-block-image\"><img decoding=\"async\" src=\"https:\/\/www.challenge.ma\/wp-content\/uploads\/2020\/02\/Croissance-youtube-et-instagram-2019.png\" alt=\"\" class=\"wp-image-130195\" srcset=\"https:\/\/www.challenge.ma\/wp-content\/uploads\/2020\/02\/Croissance-youtube-et-instagram-2019.png 653w, https:\/\/www.challenge.ma\/wp-content\/uploads\/2020\/02\/Croissance-youtube-et-instagram-2019-150x150.png 150w, https:\/\/www.challenge.ma\/wp-content\/uploads\/2020\/02\/Croissance-youtube-et-instagram-2019-300x300.png 300w, https:\/\/www.challenge.ma\/wp-content\/uploads\/2020\/02\/Croissance-youtube-et-instagram-2019-360x360.png 360w, https:\/\/www.challenge.ma\/wp-content\/uploads\/2020\/02\/Croissance-youtube-et-instagram-2019-60x60.png 60w, https:\/\/www.challenge.ma\/wp-content\/uploads\/2020\/02\/Croissance-youtube-et-instagram-2019-200x200.png 200w\" sizes=\"(max-width: 653px) 100vw, 653px\"\/><\/div>\n<p><strong>Youtube et Instagram en t\u00eate<\/strong><\/p>\n<p>Youtube et Instagram ressortent comme les deux plateformes qui ont enregistr\u00e9 la plus nette progression en terme d\u2019audience et de vues en 2019. Avec ses 251 millions de vid\u00e9os vues et ses 780.000 nouveaux abonn\u00e9s sur <strong>Youtube<\/strong>, Medi1TV enregistre une croissance de 60% de vues et de 55% de membres. Cependant, c\u2019est sur Instagram, le r\u00e9seau le plus en vogue et influent du moment, que Medi1TV enregistre la plus forte croissance avec une hausse de 455% de vid\u00e9os vues (16 millions) et de 116% de nouveaux abonn\u00e9s (253.000) par rapport \u00e0 l\u2019ann\u00e9e 2018.<\/p>\n<div class=\"c17\">\n<fieldset class=\"c16\">\n<legend><strong><span class=\"c11\">Challenge<\/span><span class=\"c12\">news<\/span><\/strong><\/legend>\n<div class=\"c15\">Le meilleur de Challenge s\u00e9lectionn\u00e9 par la r\u00e9daction :<\/p>\n<\/div>\n<\/fieldset>\n<\/div>\n<p>Auteur: challenge<br \/>\n<a href=\"https:\/\/www.challenge.ma\/medi1tv-perce-dans-le-digital-130193\/\">Cliquez ici pour lire l&rsquo;article depuis sa source.<\/a><\/p>\n","protected":false},"excerpt":{"rendered":"<p>La cha\u00eene d\u2019information en continu vient de r\u00e9v\u00e9ler les chiffres cl\u00e9s de son audience digitale en 2019. Strat\u00e9gie payante pour la cha\u00eene bas\u00e9e \u00e0 Tanger avec des studios \u00e0 Rabat, Dakar, Abidjan, Nouakchott, Washington, Bruxelles et Le Caire. Medi1TV confirme son leadership sur les r\u00e9seaux sociaux qui totalisent une audience de plus de 10 millions [&hellip;]<\/p>\n","protected":false},"author":1787,"featured_media":76126,"comment_status":"closed","ping_status":"closed","sticky":false,"template":"","format":"standard","meta":{"fifu_image_url":"","fifu_image_alt":"","footnotes":""},"categories":[78,54],"tags":[],"class_list":["post-76125","post","type-post","status-publish","format-standard","has-post-thumbnail","hentry","category-economie","category-maroc"],"_links":{"self":[{"href":"https:\/\/linitiative.ca\/International\/wp-json\/wp\/v2\/posts\/76125","targetHints":{"allow":["GET"]}}],"collection":[{"href":"https:\/\/linitiative.ca\/International\/wp-json\/wp\/v2\/posts"}],"about":[{"href":"https:\/\/linitiative.ca\/International\/wp-json\/wp\/v2\/types\/post"}],"author":[{"embeddable":true,"href":"https:\/\/linitiative.ca\/International\/wp-json\/wp\/v2\/users\/1787"}],"replies":[{"embeddable":true,"href":"https:\/\/linitiative.ca\/International\/wp-json\/wp\/v2\/comments?post=76125"}],"version-history":[{"count":0,"href":"https:\/\/linitiative.ca\/International\/wp-json\/wp\/v2\/posts\/76125\/revisions"}],"wp:featuredmedia":[{"embeddable":true,"href":"https:\/\/linitiative.ca\/International\/wp-json\/"}],"wp:attachment":[{"href":"https:\/\/linitiative.ca\/International\/wp-json\/wp\/v2\/media?parent=76125"}],"wp:term":[{"taxonomy":"category","embeddable":true,"href":"https:\/\/linitiative.ca\/International\/wp-json\/wp\/v2\/categories?post=76125"},{"taxonomy":"post_tag","embeddable":true,"href":"https:\/\/linitiative.ca\/International\/wp-json\/wp\/v2\/tags?post=76125"}],"curies":[{"name":"wp","href":"https:\/\/api.w.org\/{rel}","templated":true}]}}