{"id":76127,"date":"2020-02-14T12:11:57","date_gmt":"2020-02-14T17:11:57","guid":{"rendered":"https:\/\/linitiative.ca\/International\/le-commissaire-europeen-phil-hogan-veut-approfondir-les-relations-ue-maroc\/"},"modified":"2020-02-14T12:11:57","modified_gmt":"2020-02-14T17:11:57","slug":"le-commissaire-europeen-phil-hogan-veut-approfondir-les-relations-ue-maroc","status":"publish","type":"post","link":"https:\/\/linitiative.ca\/International\/le-commissaire-europeen-phil-hogan-veut-approfondir-les-relations-ue-maroc\/","title":{"rendered":"Le commissaire europ\u00e9en Phil Hogan veut approfondir les relations UE-Maroc"},"content":{"rendered":"<p><strong>Le Maroc et l\u2019Union europ\u00e9enne (UE) ont soulign\u00e9, vendredi \u00e0 Bruxelles, leur volont\u00e9 d\u2019aller de l\u2019avant dans leur partenariat \u00e9conomique et commercial.<\/strong><\/p>\n<div class=\"c10\"\/>\n<p>Cette volont\u00e9 a \u00e9t\u00e9 r\u00e9affirm\u00e9e par le ministre de l\u2019Industrie, du Commerce et de l\u2019\u00c9conomie Verte et Num\u00e9rique, Moulay Hafid Elalamy et le commissaire europ\u00e9en au Commerce, <strong>Phil Hogan<\/strong>, \u00e0 l\u2019occasion de leur premi\u00e8re rencontre depuis l\u2019entr\u00e9e en fonction du nouvel ex\u00e9cutif europ\u00e9en, le 1er d\u00e9cembre dernier.<\/p>\n<p>\u00ab Nous avons discut\u00e9 des moyens de relancer les n\u00e9gociations entre l\u2019Union europ\u00e9enne et le Royaume du Maroc dans le commerce et autres domaines. Nous avons convenu d\u2019aller de l\u2019avant dans ce processus \u00bb, a indiqu\u00e9 Hogan. Le commissaire europ\u00e9en qui entend se rendre prochainement au Royaume, s\u2019attend \u00e0 des progr\u00e8s dans plusieurs chapitres de n\u00e9gociation en vue d\u2019approfondir les relations <strong>UE-Maroc<\/strong>.<\/p>\n<p>Il a fait part de sa satisfaction du niveau et de la qualit\u00e9 de la coop\u00e9ration entre les deux parties, souhaitant la voir se renforcer davantage avec notamment la concr\u00e9tisation d\u2019un accord de <strong>libre \u00e9change<\/strong> approfondi et global.<\/p>\n<div class=\"c17\">\n<fieldset class=\"c16\">\n<legend><strong><span class=\"c11\">Challenge<\/span><span class=\"c12\">news<\/span><\/strong><\/legend>\n<div class=\"c15\">Le meilleur de Challenge s\u00e9lectionn\u00e9 par la r\u00e9daction :<\/p>\n<\/div>\n<\/fieldset>\n<\/div>\n<p>Auteur: challenge<br \/>\n<a href=\"https:\/\/www.challenge.ma\/le-commissaire-europeen-phil-hogan-veut-approfondir-les-relations-ue-maroc-130222\/\">Cliquez ici pour lire l&rsquo;article depuis sa source.<\/a><\/p>\n","protected":false},"excerpt":{"rendered":"<p>Le Maroc et l\u2019Union europ\u00e9enne (UE) ont soulign\u00e9, vendredi \u00e0 Bruxelles, leur volont\u00e9 d\u2019aller de l\u2019avant dans leur partenariat \u00e9conomique et commercial. Cette volont\u00e9 a \u00e9t\u00e9 r\u00e9affirm\u00e9e par le ministre de l\u2019Industrie, du Commerce et de l\u2019\u00c9conomie Verte et Num\u00e9rique, Moulay Hafid Elalamy et le commissaire europ\u00e9en au Commerce, Phil Hogan, \u00e0 l\u2019occasion de leur [&hellip;]<\/p>\n","protected":false},"author":1787,"featured_media":0,"comment_status":"closed","ping_status":"closed","sticky":false,"template":"","format":"standard","meta":{"fifu_image_url":"","fifu_image_alt":"","footnotes":""},"categories":[78,54],"tags":[],"class_list":["post-76127","post","type-post","status-publish","format-standard","hentry","category-economie","category-maroc"],"_links":{"self":[{"href":"https:\/\/linitiative.ca\/International\/wp-json\/wp\/v2\/posts\/76127","targetHints":{"allow":["GET"]}}],"collection":[{"href":"https:\/\/linitiative.ca\/International\/wp-json\/wp\/v2\/posts"}],"about":[{"href":"https:\/\/linitiative.ca\/International\/wp-json\/wp\/v2\/types\/post"}],"author":[{"embeddable":true,"href":"https:\/\/linitiative.ca\/International\/wp-json\/wp\/v2\/users\/1787"}],"replies":[{"embeddable":true,"href":"https:\/\/linitiative.ca\/International\/wp-json\/wp\/v2\/comments?post=76127"}],"version-history":[{"count":0,"href":"https:\/\/linitiative.ca\/International\/wp-json\/wp\/v2\/posts\/76127\/revisions"}],"wp:attachment":[{"href":"https:\/\/linitiative.ca\/International\/wp-json\/wp\/v2\/media?parent=76127"}],"wp:term":[{"taxonomy":"category","embeddable":true,"href":"https:\/\/linitiative.ca\/International\/wp-json\/wp\/v2\/categories?post=76127"},{"taxonomy":"post_tag","embeddable":true,"href":"https:\/\/linitiative.ca\/International\/wp-json\/wp\/v2\/tags?post=76127"}],"curies":[{"name":"wp","href":"https:\/\/api.w.org\/{rel}","templated":true}]}}