{"id":76130,"date":"2020-02-14T14:31:01","date_gmt":"2020-02-14T19:31:01","guid":{"rendered":"https:\/\/linitiative.ca\/International\/dermastic-veut-democratiser-lacces-aux-soins-dermatologiques-et-esthetiques\/"},"modified":"2020-02-14T14:31:01","modified_gmt":"2020-02-14T19:31:01","slug":"dermastic-veut-democratiser-lacces-aux-soins-dermatologiques-et-esthetiques","status":"publish","type":"post","link":"https:\/\/linitiative.ca\/International\/dermastic-veut-democratiser-lacces-aux-soins-dermatologiques-et-esthetiques\/","title":{"rendered":"Dermastic veut d\u00e9mocratiser l\u2019acc\u00e8s aux soins dermatologiques et esth\u00e9tiques"},"content":{"rendered":"<p><strong>L\u2019Association marocaine de dermatologie chirurgicale, m\u00e9decine esth\u00e9tique, cosm\u00e9tologie,\u00a0m\u00e9decine anti \u00e2ge \u00abDermastic\u00bb a organis\u00e9 ces 35\u00e8mes \u00e9changes internationaux, les 14 et 15 f\u00e9vrier, \u00e0 Casablanca.<\/strong><\/p>\n<div class=\"c10\"\/>\n<p>Tout au long de ces 20 derni\u00e8res ann\u00e9es, Dermastic veut faire face \u00e0 des d\u00e9fis m\u00e9dicaux, technologiques pour rehausser le niveau de la dermatologie, la m\u00e9decine et la chirurgie esth\u00e9tique et la chirurgie dentaire esth\u00e9tique (implants, etc.) au Maroc, aux standards internationaux.<\/p>\n<p>Ces \u00e9changes organis\u00e9s chaque ann\u00e9e, depuis 35 ans, ont pour but d\u2019am\u00e9liorer et d\u00e9mocratiser l\u2019acc\u00e8s aux soins et aux traitements au b\u00e9n\u00e9fice de la population.\u00a0\u00ab\u00a0Recourir \u00e0 la m\u00e9decine esth\u00e9tique n\u2019est plus aujourd\u2019hui un luxe mais une qu\u00eate du bonheur \u00e0 un moment o\u00f9 l\u2019esp\u00e9rance de vie progresse, o\u00f9 les attentes des patientes et patients sont fortes\u00a0\u00bb, souligne le docteur Ahmed Bourra, pr\u00e9sident de l\u2019association Dermastic.<\/p>\n<p>De nombreux intervenants nationaux et internationaux \u00e9taient au rendez-vous afin de faire profiter les dermatologues des derni\u00e8res nouveaut\u00e9s en mati\u00e8re de dermatologie, de chirurgie esth\u00e9tique et plastique et bien entendu tout ce qui touche \u00e0 la cosm\u00e9tologie.<\/p>\n<div class=\"c17\">\n<fieldset class=\"c16\">\n<legend><strong><span class=\"c11\">Challenge<\/span><span class=\"c12\">news<\/span><\/strong><\/legend>\n<div class=\"c15\">Le meilleur de Challenge s\u00e9lectionn\u00e9 par la r\u00e9daction :<\/p>\n<\/div>\n<\/fieldset>\n<\/div>\n<p>Auteur: Hajar DARI<br \/>\n<a href=\"https:\/\/www.challenge.ma\/dermastic-veut-democratiser-lacces-aux-soins-dermatologiques-et-esthetiques-130242\/\">Cliquez ici pour lire l&rsquo;article depuis sa source.<\/a><\/p>\n","protected":false},"excerpt":{"rendered":"<p>L\u2019Association marocaine de dermatologie chirurgicale, m\u00e9decine esth\u00e9tique, cosm\u00e9tologie,\u00a0m\u00e9decine anti \u00e2ge \u00abDermastic\u00bb a organis\u00e9 ces 35\u00e8mes \u00e9changes internationaux, les 14 et 15 f\u00e9vrier, \u00e0 Casablanca. Tout au long de ces 20 derni\u00e8res ann\u00e9es, Dermastic veut faire face \u00e0 des d\u00e9fis m\u00e9dicaux, technologiques pour rehausser le niveau de la dermatologie, la m\u00e9decine et la chirurgie esth\u00e9tique et [&hellip;]<\/p>\n","protected":false},"author":1787,"featured_media":0,"comment_status":"closed","ping_status":"closed","sticky":false,"template":"","format":"standard","meta":{"fifu_image_url":"","fifu_image_alt":"","footnotes":""},"categories":[78,54],"tags":[],"class_list":["post-76130","post","type-post","status-publish","format-standard","hentry","category-economie","category-maroc"],"_links":{"self":[{"href":"https:\/\/linitiative.ca\/International\/wp-json\/wp\/v2\/posts\/76130","targetHints":{"allow":["GET"]}}],"collection":[{"href":"https:\/\/linitiative.ca\/International\/wp-json\/wp\/v2\/posts"}],"about":[{"href":"https:\/\/linitiative.ca\/International\/wp-json\/wp\/v2\/types\/post"}],"author":[{"embeddable":true,"href":"https:\/\/linitiative.ca\/International\/wp-json\/wp\/v2\/users\/1787"}],"replies":[{"embeddable":true,"href":"https:\/\/linitiative.ca\/International\/wp-json\/wp\/v2\/comments?post=76130"}],"version-history":[{"count":0,"href":"https:\/\/linitiative.ca\/International\/wp-json\/wp\/v2\/posts\/76130\/revisions"}],"wp:attachment":[{"href":"https:\/\/linitiative.ca\/International\/wp-json\/wp\/v2\/media?parent=76130"}],"wp:term":[{"taxonomy":"category","embeddable":true,"href":"https:\/\/linitiative.ca\/International\/wp-json\/wp\/v2\/categories?post=76130"},{"taxonomy":"post_tag","embeddable":true,"href":"https:\/\/linitiative.ca\/International\/wp-json\/wp\/v2\/tags?post=76130"}],"curies":[{"name":"wp","href":"https:\/\/api.w.org\/{rel}","templated":true}]}}