{"id":76133,"date":"2020-02-14T15:36:35","date_gmt":"2020-02-14T20:36:35","guid":{"rendered":"https:\/\/linitiative.ca\/International\/tunisie-elyes-fakhfakh-tient-toujours-tete-au-cheikh\/"},"modified":"2020-02-14T15:36:35","modified_gmt":"2020-02-14T20:36:35","slug":"tunisie-elyes-fakhfakh-tient-toujours-tete-au-cheikh","status":"publish","type":"post","link":"https:\/\/linitiative.ca\/International\/tunisie-elyes-fakhfakh-tient-toujours-tete-au-cheikh\/","title":{"rendered":"Tunisie \u2013 Elyes Fakhfakh tient toujours t\u00eate au Cheikh"},"content":{"rendered":"<div class=\"post-cont-in left relative\">\n<p>Le Cheikh <a href=\"https:\/\/www.tunisienumerique.com\/tunisie-actualite\/rached-ghannouchi\/\" title=\"Rached Ghannouchi\" target=\"_top\" class=\"auto-link\" rel=\"noopener noreferrer\">Rached Ghannouchi<\/a> doit \u00eatre dans tous ses \u00e9tats. Il s\u2019est retrouv\u00e9 en face d\u2019un chef du gouvernement d\u00e9sign\u00e9 plus coriace que pr\u00e9vu.<\/p>\n<div class=\"code-block code-block-1 c3\"><ins class=\"adsbygoogle c2\" data-ad-layout=\"in-article\" data-ad-format=\"fluid\" data-ad-client=\"ca-pub-2102118777505746\" data-ad-slot=\"7301775417\"\/> <\/div>\n<p>En effet, malgr\u00e9 toutes les man\u0153uvres de pression et d\u2019intimidation entreprises, qu\u2019elles soient directes ou indirectes, \u00e0 travers son conseil de la Choura, le Cheikh n\u2019arrive pas \u00e0 faire plier Elyes Fakhfekh. Il a beau menacer de faire tomber son gouvernement, Fakhfekh demeure, apparemment, inflexible et semble ne rien vouloir l\u00e2cher.<\/p>\n<p>La preuve, sa derni\u00e8re sortie de ce soir, quand il a d\u00e9cid\u00e9 de reporter la pr\u00e9sentation de son \u00e9quipe au pr\u00e9sident de la R\u00e9publique, \u00e0 demain. Ce qui laisse entendre\u00a0qu\u2019il ne s\u2019est pas conform\u00e9 aux exigences du Cheikh, dans lequel cas, il serait all\u00e9 pr\u00e9senter la formation de son cabinet telleque dict\u00e9e par le Cheikh. Mais le fait qu\u2019il ait tenu \u00e0 prendre son temps, t\u00e9moigne qu\u2019il entend camper sur sa position ou, au moins, n\u00e9gocier jusqu\u2019au bout, pour imposer son projet.<\/p>\n<div class=\"swp_social_panel swp_horizontal_panel swp_flat_fresh swp_default_full_color swp_individual_full_color swp_other_full_color scale-100 scale-\" data-min-width=\"1100\" data-float-color=\"#ffffff\" data-float=\"bottom\" data-float-mobile=\"bottom\" data-transition=\"slide\">\n<div class=\"nc_tweetContainer swp_share_button total_shares total_sharesalt\"><span class=\"swp_count\">29 <span class=\"swp_label\">Partages<\/span><\/span><\/div>\n<\/div>\n<p><strong>Que se passe-t-il en Tunisie?<\/strong><br \/>Nous expliquons sur notre <a href=\"https:\/\/www.youtube.com\/channel\/UCRzypVq0B_yBad5eGrwBx0Q?sub_confirmation=1\" target=\"_blank\" rel=\"noopener noreferrer\">cha\u00eene YouTube<\/a> . <a href=\"https:\/\/www.youtube.com\/channel\/UCRzypVq0B_yBad5eGrwBx0Q?sub_confirmation=1\" target=\"_blank\" rel=\"noopener noreferrer\">Abonnez-vous!<\/a><\/p>\n<div class=\"mvp-org-wrap mvp-org-logo\" itemprop=\"publisher\" itemscope=\"\" itemtype=\"https:\/\/schema.org\/Organization\"><img decoding=\"async\" src=\"https:\/\/www.tunisienumerique.com\/wp-content\/uploads\/2017\/02\/logo_tunisie_numerique.png\"\/><\/div>\n<div class=\"mvp-related-posts left relative\">\n<h4 class=\"post-header\"><span class=\"post-header\">Lire aussi<\/span><\/h4>\n<\/div>\n<\/div>\n<p>Auteur: LM<br \/>\n<a href=\"https:\/\/www.tunisienumerique.com\/tunisie-elyes-fakhfakh-tient-toujours-tete-au-cheikh\/\">Cliquez ici pour lire l&rsquo;article depuis sa source.<\/a><\/p>\n","protected":false},"excerpt":{"rendered":"<p>Le Cheikh Rached Ghannouchi doit \u00eatre dans tous ses \u00e9tats. Il s\u2019est retrouv\u00e9 en face d\u2019un chef du gouvernement d\u00e9sign\u00e9 plus coriace que pr\u00e9vu. En effet, malgr\u00e9 toutes les man\u0153uvres de pression et d\u2019intimidation entreprises, qu\u2019elles soient directes ou indirectes, \u00e0 travers son conseil de la Choura, le Cheikh n\u2019arrive pas \u00e0 faire plier Elyes [&hellip;]<\/p>\n","protected":false},"author":1789,"featured_media":76134,"comment_status":"closed","ping_status":"closed","sticky":false,"template":"","format":"standard","meta":{"fifu_image_url":"","fifu_image_alt":"","footnotes":""},"categories":[73,55],"tags":[],"class_list":["post-76133","post","type-post","status-publish","format-standard","has-post-thumbnail","hentry","category-actualite","category-tunisie"],"_links":{"self":[{"href":"https:\/\/linitiative.ca\/International\/wp-json\/wp\/v2\/posts\/76133","targetHints":{"allow":["GET"]}}],"collection":[{"href":"https:\/\/linitiative.ca\/International\/wp-json\/wp\/v2\/posts"}],"about":[{"href":"https:\/\/linitiative.ca\/International\/wp-json\/wp\/v2\/types\/post"}],"author":[{"embeddable":true,"href":"https:\/\/linitiative.ca\/International\/wp-json\/wp\/v2\/users\/1789"}],"replies":[{"embeddable":true,"href":"https:\/\/linitiative.ca\/International\/wp-json\/wp\/v2\/comments?post=76133"}],"version-history":[{"count":0,"href":"https:\/\/linitiative.ca\/International\/wp-json\/wp\/v2\/posts\/76133\/revisions"}],"wp:featuredmedia":[{"embeddable":true,"href":"https:\/\/linitiative.ca\/International\/wp-json\/"}],"wp:attachment":[{"href":"https:\/\/linitiative.ca\/International\/wp-json\/wp\/v2\/media?parent=76133"}],"wp:term":[{"taxonomy":"category","embeddable":true,"href":"https:\/\/linitiative.ca\/International\/wp-json\/wp\/v2\/categories?post=76133"},{"taxonomy":"post_tag","embeddable":true,"href":"https:\/\/linitiative.ca\/International\/wp-json\/wp\/v2\/tags?post=76133"}],"curies":[{"name":"wp","href":"https:\/\/api.w.org\/{rel}","templated":true}]}}