{"id":76135,"date":"2020-02-14T15:49:30","date_gmt":"2020-02-14T20:49:30","guid":{"rendered":"https:\/\/linitiative.ca\/International\/tunisie-amelioration-du-deficit-de-la-balance-commerciale-malgre-une-chute-des-exportations\/"},"modified":"2020-02-14T15:49:30","modified_gmt":"2020-02-14T20:49:30","slug":"tunisie-amelioration-du-deficit-de-la-balance-commerciale-malgre-une-chute-des-exportations","status":"publish","type":"post","link":"https:\/\/linitiative.ca\/International\/tunisie-amelioration-du-deficit-de-la-balance-commerciale-malgre-une-chute-des-exportations\/","title":{"rendered":"Tunisie \u2013 Am\u00e9lioration du d\u00e9ficit de la balance commerciale malgr\u00e9 une chute des exportations"},"content":{"rendered":"<div class=\"post-cont-in left relative\">\n<p>Le d\u00e9ficit de la balance commerciale s\u2019est r\u00e9duit durant le mois de janvier 2020, pour s\u2019\u00e9tablir \u00e0 970.5 M.D contre 1568,3 M.D pour le mois de janvier 2019 et 1209.6 M.D pour le m\u00eame mois de l\u2019ann\u00e9e 2018.<\/p>\n<div class=\"code-block code-block-1 c3\"><ins class=\"adsbygoogle c2\" data-ad-layout=\"in-article\" data-ad-format=\"fluid\" data-ad-client=\"ca-pub-2102118777505746\" data-ad-slot=\"7301775417\"\/> <\/div>\n<p>Cette am\u00e9lioration est due \u00e0 une baisse plus importante des importations par rapport aux exportations. Ce qui a permis l\u2019am\u00e9lioration du taux de couverture qui atteint 79% contre 70.9% durant la m\u00eame p\u00e9riode de l\u2019ann\u00e9e 2019.<\/p>\n<p>Concr\u00e8tement, bien que les exportations aient diminu\u00e9 de 4,2%, la balance s\u2019est am\u00e9lior\u00e9e, car les importations elles, ont chut\u00e9 de 14,1%.<\/p>\n<div class=\"swp_social_panel swp_horizontal_panel swp_flat_fresh swp_default_full_color swp_individual_full_color swp_other_full_color scale-100 scale-\" data-min-width=\"1100\" data-float-color=\"#ffffff\" data-float=\"bottom\" data-float-mobile=\"bottom\" data-transition=\"slide\">\n<div class=\"nc_tweetContainer swp_share_button total_shares total_sharesalt\"><span class=\"swp_count\">3 <span class=\"swp_label\">Partages<\/span><\/span><\/div>\n<\/div>\n<p><strong>Que se passe-t-il en Tunisie?<\/strong><br \/>Nous expliquons sur notre <a href=\"https:\/\/www.youtube.com\/channel\/UCRzypVq0B_yBad5eGrwBx0Q?sub_confirmation=1\" target=\"_blank\" rel=\"noopener noreferrer\">cha\u00eene YouTube<\/a> . <a href=\"https:\/\/www.youtube.com\/channel\/UCRzypVq0B_yBad5eGrwBx0Q?sub_confirmation=1\" target=\"_blank\" rel=\"noopener noreferrer\">Abonnez-vous!<\/a><\/p>\n<div class=\"mvp-org-wrap mvp-org-logo\" itemprop=\"publisher\" itemscope=\"\" itemtype=\"https:\/\/schema.org\/Organization\"><img decoding=\"async\" src=\"https:\/\/www.tunisienumerique.com\/wp-content\/uploads\/2017\/02\/logo_tunisie_numerique.png\"\/><\/div>\n<div class=\"mvp-related-posts left relative\">\n<h4 class=\"post-header\"><span class=\"post-header\">Lire aussi<\/span><\/h4>\n<\/div>\n<\/div>\n<p>Auteur: LM<br \/>\n<a href=\"https:\/\/www.tunisienumerique.com\/tunisie-amelioration-du-deficit-de-la-balance-commerciale-malgre-une-chute-des-exportations\/\">Cliquez ici pour lire l&rsquo;article depuis sa source.<\/a><\/p>\n","protected":false},"excerpt":{"rendered":"<p>Le d\u00e9ficit de la balance commerciale s\u2019est r\u00e9duit durant le mois de janvier 2020, pour s\u2019\u00e9tablir \u00e0 970.5 M.D contre 1568,3 M.D pour le mois de janvier 2019 et 1209.6 M.D pour le m\u00eame mois de l\u2019ann\u00e9e 2018. Cette am\u00e9lioration est due \u00e0 une baisse plus importante des importations par rapport aux exportations. Ce qui [&hellip;]<\/p>\n","protected":false},"author":1789,"featured_media":76136,"comment_status":"closed","ping_status":"closed","sticky":false,"template":"","format":"standard","meta":{"fifu_image_url":"","fifu_image_alt":"","footnotes":""},"categories":[73,55],"tags":[],"class_list":["post-76135","post","type-post","status-publish","format-standard","has-post-thumbnail","hentry","category-actualite","category-tunisie"],"_links":{"self":[{"href":"https:\/\/linitiative.ca\/International\/wp-json\/wp\/v2\/posts\/76135","targetHints":{"allow":["GET"]}}],"collection":[{"href":"https:\/\/linitiative.ca\/International\/wp-json\/wp\/v2\/posts"}],"about":[{"href":"https:\/\/linitiative.ca\/International\/wp-json\/wp\/v2\/types\/post"}],"author":[{"embeddable":true,"href":"https:\/\/linitiative.ca\/International\/wp-json\/wp\/v2\/users\/1789"}],"replies":[{"embeddable":true,"href":"https:\/\/linitiative.ca\/International\/wp-json\/wp\/v2\/comments?post=76135"}],"version-history":[{"count":0,"href":"https:\/\/linitiative.ca\/International\/wp-json\/wp\/v2\/posts\/76135\/revisions"}],"wp:featuredmedia":[{"embeddable":true,"href":"https:\/\/linitiative.ca\/International\/wp-json\/"}],"wp:attachment":[{"href":"https:\/\/linitiative.ca\/International\/wp-json\/wp\/v2\/media?parent=76135"}],"wp:term":[{"taxonomy":"category","embeddable":true,"href":"https:\/\/linitiative.ca\/International\/wp-json\/wp\/v2\/categories?post=76135"},{"taxonomy":"post_tag","embeddable":true,"href":"https:\/\/linitiative.ca\/International\/wp-json\/wp\/v2\/tags?post=76135"}],"curies":[{"name":"wp","href":"https:\/\/api.w.org\/{rel}","templated":true}]}}