{"id":76137,"date":"2020-02-14T15:53:52","date_gmt":"2020-02-14T20:53:52","guid":{"rendered":"https:\/\/linitiative.ca\/International\/tunisie-exclusif-lotfi-zitoun-refuse-le-poste-de-conseiller-avec-rang-de-ministre\/"},"modified":"2020-02-14T15:53:52","modified_gmt":"2020-02-14T20:53:52","slug":"tunisie-exclusif-lotfi-zitoun-refuse-le-poste-de-conseiller-avec-rang-de-ministre","status":"publish","type":"post","link":"https:\/\/linitiative.ca\/International\/tunisie-exclusif-lotfi-zitoun-refuse-le-poste-de-conseiller-avec-rang-de-ministre\/","title":{"rendered":"Tunisie \u2013 EXCLUSIF : Lotfi Zitoun refuse le poste de conseiller avec rang de ministre"},"content":{"rendered":"<div class=\"post-cont-in left relative\">\n<p>Le chef du gouvernement d\u00e9sign\u00e9, Elyes Fakhfekh, a refus\u00e9 la nomination de Lotfi Zitoun comme ministre \u00e0 la Kasbah. En guise de lot de consolation, il lui a propos\u00e9 le poste de conseiller aupr\u00e8s de la pr\u00e9sidence du gouvernement, avec rang de ministre. Mais Lotfi Zitoun aurait d\u00e9clin\u00e9 l\u2019offre.<\/p>\n<div class=\"code-block code-block-1 c3\"><ins class=\"adsbygoogle c2\" data-ad-layout=\"in-article\" data-ad-format=\"fluid\" data-ad-client=\"ca-pub-2102118777505746\" data-ad-slot=\"7301775417\"\/> <\/div>\n<div class=\"swp_social_panel swp_horizontal_panel swp_flat_fresh swp_default_full_color swp_individual_full_color swp_other_full_color scale-100 scale-\" data-min-width=\"1100\" data-float-color=\"#ffffff\" data-float=\"bottom\" data-float-mobile=\"bottom\" data-transition=\"slide\">\n<div class=\"nc_tweetContainer swp_share_button total_shares total_sharesalt\"><span class=\"swp_count\">23 <span class=\"swp_label\">Partages<\/span><\/span><\/div>\n<\/div>\n<p><strong>Que se passe-t-il en Tunisie?<\/strong><br \/>Nous expliquons sur notre <a href=\"https:\/\/www.youtube.com\/channel\/UCRzypVq0B_yBad5eGrwBx0Q?sub_confirmation=1\" target=\"_blank\" rel=\"noopener noreferrer\">cha\u00eene YouTube<\/a> . <a href=\"https:\/\/www.youtube.com\/channel\/UCRzypVq0B_yBad5eGrwBx0Q?sub_confirmation=1\" target=\"_blank\" rel=\"noopener noreferrer\">Abonnez-vous!<\/a><\/p>\n<div class=\"mvp-org-wrap mvp-org-logo\" itemprop=\"publisher\" itemscope=\"\" itemtype=\"https:\/\/schema.org\/Organization\"><img decoding=\"async\" src=\"https:\/\/www.tunisienumerique.com\/wp-content\/uploads\/2017\/02\/logo_tunisie_numerique.png\"\/><\/div>\n<div class=\"mvp-related-posts left relative\">\n<h4 class=\"post-header\"><span class=\"post-header\">Lire aussi<\/span><\/h4>\n<\/div>\n<\/div>\n<p>Auteur: LM<br \/>\n<a href=\"https:\/\/www.tunisienumerique.com\/tunisie-exclusif-lotfi-zitoun-refuse-le-poste-de-conseiller-avec-rang-de-ministre\/\">Cliquez ici pour lire l&rsquo;article depuis sa source.<\/a><\/p>\n","protected":false},"excerpt":{"rendered":"<p>Le chef du gouvernement d\u00e9sign\u00e9, Elyes Fakhfekh, a refus\u00e9 la nomination de Lotfi Zitoun comme ministre \u00e0 la Kasbah. En guise de lot de consolation, il lui a propos\u00e9 le poste de conseiller aupr\u00e8s de la pr\u00e9sidence du gouvernement, avec rang de ministre. Mais Lotfi Zitoun aurait d\u00e9clin\u00e9 l\u2019offre. 23 Partages Que se passe-t-il en [&hellip;]<\/p>\n","protected":false},"author":1789,"featured_media":76138,"comment_status":"closed","ping_status":"closed","sticky":false,"template":"","format":"standard","meta":{"fifu_image_url":"","fifu_image_alt":"","footnotes":""},"categories":[73,55],"tags":[],"class_list":["post-76137","post","type-post","status-publish","format-standard","has-post-thumbnail","hentry","category-actualite","category-tunisie"],"_links":{"self":[{"href":"https:\/\/linitiative.ca\/International\/wp-json\/wp\/v2\/posts\/76137","targetHints":{"allow":["GET"]}}],"collection":[{"href":"https:\/\/linitiative.ca\/International\/wp-json\/wp\/v2\/posts"}],"about":[{"href":"https:\/\/linitiative.ca\/International\/wp-json\/wp\/v2\/types\/post"}],"author":[{"embeddable":true,"href":"https:\/\/linitiative.ca\/International\/wp-json\/wp\/v2\/users\/1789"}],"replies":[{"embeddable":true,"href":"https:\/\/linitiative.ca\/International\/wp-json\/wp\/v2\/comments?post=76137"}],"version-history":[{"count":0,"href":"https:\/\/linitiative.ca\/International\/wp-json\/wp\/v2\/posts\/76137\/revisions"}],"wp:featuredmedia":[{"embeddable":true,"href":"https:\/\/linitiative.ca\/International\/wp-json\/"}],"wp:attachment":[{"href":"https:\/\/linitiative.ca\/International\/wp-json\/wp\/v2\/media?parent=76137"}],"wp:term":[{"taxonomy":"category","embeddable":true,"href":"https:\/\/linitiative.ca\/International\/wp-json\/wp\/v2\/categories?post=76137"},{"taxonomy":"post_tag","embeddable":true,"href":"https:\/\/linitiative.ca\/International\/wp-json\/wp\/v2\/tags?post=76137"}],"curies":[{"name":"wp","href":"https:\/\/api.w.org\/{rel}","templated":true}]}}