{"id":76139,"date":"2020-02-14T16:39:16","date_gmt":"2020-02-14T21:39:16","guid":{"rendered":"https:\/\/linitiative.ca\/International\/tunisie-exclusif-fakhfekh-risque-t-il-de-perdre-le-soutien-de-tahya-tounes\/"},"modified":"2020-02-14T16:39:16","modified_gmt":"2020-02-14T21:39:16","slug":"tunisie-exclusif-fakhfekh-risque-t-il-de-perdre-le-soutien-de-tahya-tounes","status":"publish","type":"post","link":"https:\/\/linitiative.ca\/International\/tunisie-exclusif-fakhfekh-risque-t-il-de-perdre-le-soutien-de-tahya-tounes\/","title":{"rendered":"Tunisie \u2013 EXCLUSIF : Fakhfekh risque-t-il de perdre le soutien de Tahya Tounes ?"},"content":{"rendered":"<div class=\"post-cont-in left relative\">\n<p>Le parti Tahya Tounes vient d\u2019annoncer la tenue d\u2019une r\u00e9union extraordinaire de son bureau national, ce dimanche 16 f\u00e9vrier. Le parti annonce qu\u2019il va statuer sur sa participation ou pas, au gouvernement d\u2019<a href=\"https:\/\/www.tunisienumerique.com\/tunisie-actualite\/elyes-fakhfakh\/\" title=\"Elyes Fakhfakh\" target=\"_top\" class=\"auto-link\" rel=\"noopener noreferrer\">Elyes Fakhfakh<\/a>.<\/p>\n<div class=\"code-block code-block-1 c3\"><ins class=\"adsbygoogle c2\" data-ad-layout=\"in-article\" data-ad-format=\"fluid\" data-ad-client=\"ca-pub-2102118777505746\" data-ad-slot=\"7301775417\"\/> <\/div>\n<p>Il s\u2019agit l\u00e0, d\u2019un revirement, de derni\u00e8re minute, dans la position du parti. Ce changement de cap semble avoir \u00e9t\u00e9 motiv\u00e9 par un grand chambardement dans les cartes de Fakhfekh.<\/p>\n<p>Celui-ci a, en effet, accord\u00e9 deux portefeuilles\u00a0\u00e0 Tahya Tounes, en l\u2019occurrence, la Coop\u00e9ration Internationale \u00e0 Slim Azzabi, et l\u2019Environnement\u00a0\u00e0 Chokri Ben Hassine. Mais aux derni\u00e8res nouvelles, Fakhfekh aurait c\u00e9d\u00e9 aux exigences d\u2019<a href=\"https:\/\/www.tunisienumerique.com\/tunisie-actualite\/ennahdha\/\" title=\"Ennahdha\" target=\"_top\" class=\"auto-link\" rel=\"noopener noreferrer\">Ennahdha<\/a>, en lui octroyant huit portefeuilles, au lieu des six annonc\u00e9s, en attendant d\u2019\u00e9ventuelles autres surprises.<\/p>\n<p>Devant ce changement de programme, Tahya Tounes est pr\u00eat \u00e0 revoir sa position par rapport au gouvernement. Dans cette optique, la r\u00e9union extraordinaire du conseil national a \u00e9t\u00e9 d\u00e9cid\u00e9e, afin de r\u00e9agir aux annonces de Fakhfekh attendues\u00a0 demain, avec une forte probabilit\u00e9 de refuser, le cas \u00e9ch\u00e9ant, la confiance au gouvernement, si sa composition ne correspond pas aux accords conclus avec le parti.<\/p>\n<div class=\"swp_social_panel swp_horizontal_panel swp_flat_fresh swp_default_full_color swp_individual_full_color swp_other_full_color scale-100 scale-\" data-min-width=\"1100\" data-float-color=\"#ffffff\" data-float=\"bottom\" data-float-mobile=\"bottom\" data-transition=\"slide\">\n<div class=\"nc_tweetContainer swp_share_button total_shares total_sharesalt\"><span class=\"swp_count\">23 <span class=\"swp_label\">Partages<\/span><\/span><\/div>\n<\/div>\n<p><strong>Que se passe-t-il en Tunisie?<\/strong><br \/>Nous expliquons sur notre <a href=\"https:\/\/www.youtube.com\/channel\/UCRzypVq0B_yBad5eGrwBx0Q?sub_confirmation=1\" target=\"_blank\" rel=\"noopener noreferrer\">cha\u00eene YouTube<\/a> . <a href=\"https:\/\/www.youtube.com\/channel\/UCRzypVq0B_yBad5eGrwBx0Q?sub_confirmation=1\" target=\"_blank\" rel=\"noopener noreferrer\">Abonnez-vous!<\/a><\/p>\n<div class=\"mvp-org-wrap mvp-org-logo\" itemprop=\"publisher\" itemscope=\"\" itemtype=\"https:\/\/schema.org\/Organization\"><img decoding=\"async\" src=\"https:\/\/www.tunisienumerique.com\/wp-content\/uploads\/2017\/02\/logo_tunisie_numerique.png\"\/><\/div>\n<div class=\"mvp-related-posts left relative\">\n<h4 class=\"post-header\"><span class=\"post-header\">Lire aussi<\/span><\/h4>\n<\/div>\n<\/div>\n<p>Auteur: LM<br \/>\n<a href=\"https:\/\/www.tunisienumerique.com\/tunisie-exclusif-fakhfekh-risque-t-il-de-perdre-le-soutien-de-tahya-tounes\/\">Cliquez ici pour lire l&rsquo;article depuis sa source.<\/a><\/p>\n","protected":false},"excerpt":{"rendered":"<p>Le parti Tahya Tounes vient d\u2019annoncer la tenue d\u2019une r\u00e9union extraordinaire de son bureau national, ce dimanche 16 f\u00e9vrier. Le parti annonce qu\u2019il va statuer sur sa participation ou pas, au gouvernement d\u2019Elyes Fakhfakh. Il s\u2019agit l\u00e0, d\u2019un revirement, de derni\u00e8re minute, dans la position du parti. Ce changement de cap semble avoir \u00e9t\u00e9 motiv\u00e9 [&hellip;]<\/p>\n","protected":false},"author":1789,"featured_media":76140,"comment_status":"closed","ping_status":"closed","sticky":false,"template":"","format":"standard","meta":{"fifu_image_url":"","fifu_image_alt":"","footnotes":""},"categories":[73,55],"tags":[],"class_list":["post-76139","post","type-post","status-publish","format-standard","has-post-thumbnail","hentry","category-actualite","category-tunisie"],"_links":{"self":[{"href":"https:\/\/linitiative.ca\/International\/wp-json\/wp\/v2\/posts\/76139","targetHints":{"allow":["GET"]}}],"collection":[{"href":"https:\/\/linitiative.ca\/International\/wp-json\/wp\/v2\/posts"}],"about":[{"href":"https:\/\/linitiative.ca\/International\/wp-json\/wp\/v2\/types\/post"}],"author":[{"embeddable":true,"href":"https:\/\/linitiative.ca\/International\/wp-json\/wp\/v2\/users\/1789"}],"replies":[{"embeddable":true,"href":"https:\/\/linitiative.ca\/International\/wp-json\/wp\/v2\/comments?post=76139"}],"version-history":[{"count":0,"href":"https:\/\/linitiative.ca\/International\/wp-json\/wp\/v2\/posts\/76139\/revisions"}],"wp:featuredmedia":[{"embeddable":true,"href":"https:\/\/linitiative.ca\/International\/wp-json\/"}],"wp:attachment":[{"href":"https:\/\/linitiative.ca\/International\/wp-json\/wp\/v2\/media?parent=76139"}],"wp:term":[{"taxonomy":"category","embeddable":true,"href":"https:\/\/linitiative.ca\/International\/wp-json\/wp\/v2\/categories?post=76139"},{"taxonomy":"post_tag","embeddable":true,"href":"https:\/\/linitiative.ca\/International\/wp-json\/wp\/v2\/tags?post=76139"}],"curies":[{"name":"wp","href":"https:\/\/api.w.org\/{rel}","templated":true}]}}