{"id":76147,"date":"2020-02-14T15:18:03","date_gmt":"2020-02-14T20:18:03","guid":{"rendered":"https:\/\/linitiative.ca\/International\/la-saint-valentin-de-plus-en-plus-dans-les-moeurs-senegalaises\/"},"modified":"2020-02-14T15:18:03","modified_gmt":"2020-02-14T20:18:03","slug":"la-saint-valentin-de-plus-en-plus-dans-les-moeurs-senegalaises","status":"publish","type":"post","link":"https:\/\/linitiative.ca\/International\/la-saint-valentin-de-plus-en-plus-dans-les-moeurs-senegalaises\/","title":{"rendered":"La Saint-Valentin de plus en plus dans les m\u0153urs s\u00e9n\u00e9galaises"},"content":{"rendered":"<div readability=\"32\">\n<p>Publi\u00e9 le 14.02.2020 \u00e0 21h18 par APA News<\/p>\n<\/div>\n<div readability=\"85\">\n<p>De nombreux Dakarois, filant le parfait amour, ont fait leurs emplettes en pr\u00e9lude de la Saint-Valentin : la f\u00eate des amoureux dans plusieurs pays.Le 14 f\u00e9vrier, pour moult couples, est une date importante dans le calendrier gr\u00e9gorien. C\u2019est l\u2019occasion de renouveler son amour et surtout de s\u2019offrir des cadeaux pour le grand bonheur des commer\u00e7ants. Certains d\u2019entre eux en mettent plein la vue : fleurs, gadgets, accessoires, parfums, nuisettes hyper sexy et autres objets de s\u00e9duction. Tout est fait pour pousser \u00e0 l\u2019achat.<\/p>\n<p>Devant la grande porte de l\u2019Universit\u00e9 Cheikh Anta Diop de Dakar (Ucad), Nd\u00e8ye Saly, 24 ans, flashe sur une chemise. Cette \u00e9tudiante en Marketing et Communication n\u00e9gocie le prix du v\u00eatement avec un marchand ambulant. Pour la demoiselle, il est hors de question qu\u2019elle n\u2019offre pas \u00ab un cadeau \u00bb \u00e0 son petit ami.<\/p>\n<p>Mari\u00e9e, Fatou Diouf s\u2019attend \u00e0 ce que son conjoint lui r\u00e9serve une belle surprise. Mais cette vendeuse de petit d\u00e9jeuner \u00e0 Gueule Tap\u00e9e, un quartier de Dakar, ne compte pas mettre la main \u00e0 la poche pour rendre la pareille \u00e0 son mari : \u00ab C\u2019est lui qui doit m\u2019offrir un cadeau. Il est l\u2019homme dans le couple. Je pr\u00e9f\u00e8re que \u00e7a soit de l\u2019argent car les temps sont durs \u00bb, dit-elle avec un sourire narquois.<\/p>\n<p>Sous le couvert de l\u2019anonymat, une mannequin soutient que \u00ab les d\u00e9clarations d\u2019amour sont importantes mais un IPhone ou des chaussures de marque seraient encore mieux \u00bb pour la Saint-Valentin devenue, par la force des choses, une f\u00eate commerciale.<\/p>\n<p>Surfant sur cette vague, des t\u00e9l\u00e9visions s\u00e9n\u00e9galaises diffusent, dans la soir\u00e9e, des \u00e9missions sp\u00e9ciales. Pour le sociologue Aboubacar Camara, \u00ab les soci\u00e9t\u00e9s modernes ont d\u00e9form\u00e9 l\u2019esprit de cette f\u00eate. Maintenant, elle n\u2019est que commerciale \u00bb.<\/p>\n<p>La Saint-Valentin, d\u2019origine anglo-saxonne, a \u00e9tendu ses tentacules sur la plan\u00e8te enti\u00e8re. De l\u2019Afrique \u00e0 l\u2019Am\u00e9rique, en passant par l\u2019Europe, elle est c\u00e9l\u00e9br\u00e9e. Parfois en grande pompe.<\/p>\n<\/div>\n<p>Auteur: APA News<br \/>\n<a href=\"https:\/\/www.journalducameroun.com\/la-saint-valentin-de-plus-en-plus-dans-les-moeurs-senegalaises\/\">Cliquez ici pour lire l&rsquo;article depuis sa source.<\/a><\/p>\n","protected":false},"excerpt":{"rendered":"<p>Publi\u00e9 le 14.02.2020 \u00e0 21h18 par APA News De nombreux Dakarois, filant le parfait amour, ont fait leurs emplettes en pr\u00e9lude de la Saint-Valentin : la f\u00eate des amoureux dans plusieurs pays.Le 14 f\u00e9vrier, pour moult couples, est une date importante dans le calendrier gr\u00e9gorien. C\u2019est l\u2019occasion de renouveler son amour et surtout de s\u2019offrir [&hellip;]<\/p>\n","protected":false},"author":1965,"featured_media":0,"comment_status":"closed","ping_status":"closed","sticky":false,"template":"","format":"standard","meta":{"fifu_image_url":"","fifu_image_alt":"","footnotes":""},"categories":[73,82],"tags":[],"class_list":["post-76147","post","type-post","status-publish","format-standard","hentry","category-actualite","category-cameroun"],"_links":{"self":[{"href":"https:\/\/linitiative.ca\/International\/wp-json\/wp\/v2\/posts\/76147","targetHints":{"allow":["GET"]}}],"collection":[{"href":"https:\/\/linitiative.ca\/International\/wp-json\/wp\/v2\/posts"}],"about":[{"href":"https:\/\/linitiative.ca\/International\/wp-json\/wp\/v2\/types\/post"}],"author":[{"embeddable":true,"href":"https:\/\/linitiative.ca\/International\/wp-json\/wp\/v2\/users\/1965"}],"replies":[{"embeddable":true,"href":"https:\/\/linitiative.ca\/International\/wp-json\/wp\/v2\/comments?post=76147"}],"version-history":[{"count":0,"href":"https:\/\/linitiative.ca\/International\/wp-json\/wp\/v2\/posts\/76147\/revisions"}],"wp:attachment":[{"href":"https:\/\/linitiative.ca\/International\/wp-json\/wp\/v2\/media?parent=76147"}],"wp:term":[{"taxonomy":"category","embeddable":true,"href":"https:\/\/linitiative.ca\/International\/wp-json\/wp\/v2\/categories?post=76147"},{"taxonomy":"post_tag","embeddable":true,"href":"https:\/\/linitiative.ca\/International\/wp-json\/wp\/v2\/tags?post=76147"}],"curies":[{"name":"wp","href":"https:\/\/api.w.org\/{rel}","templated":true}]}}