{"id":76148,"date":"2020-02-14T15:50:04","date_gmt":"2020-02-14T20:50:04","guid":{"rendered":"https:\/\/linitiative.ca\/International\/bernie-sanders-denonce-les-attaques-homophobes-visant-pete-buttigieg\/"},"modified":"2020-02-14T15:50:04","modified_gmt":"2020-02-14T20:50:04","slug":"bernie-sanders-denonce-les-attaques-homophobes-visant-pete-buttigieg","status":"publish","type":"post","link":"https:\/\/linitiative.ca\/International\/bernie-sanders-denonce-les-attaques-homophobes-visant-pete-buttigieg\/","title":{"rendered":"Bernie Sanders d\u00e9nonce les attaques homophobes visant Pete Buttigieg"},"content":{"rendered":"<div readability=\"32\">\n<p>Publi\u00e9 le 14.02.2020 \u00e0 21h50 par AFP<\/p>\n<\/div>\n<div readability=\"77\">\n<p>Le s\u00e9nateur Bernie Sanders a d\u00e9nonc\u00e9 vendredi les attaques homophobes \u00ab\u00a0scandaleuses\u00a0\u00bb visant son rival d\u00e9mocrate Pete Buttigieg prononc\u00e9es par un c\u00e9l\u00e8bre animateur de radio proche de Donald Trump.<\/p>\n<p>Figure de la sph\u00e8re conservatrice am\u00e9ricaine, Rush Limbaugh s\u2019est moqu\u00e9 mercredi de l\u2019ancien maire de South Bend (Indiana), \u00ab\u00a0ce type gay de 37 ans qui embrasse son mari sur sc\u00e8ne\u00a0\u00bb. M. Buttigieg a en fait 38 ans.<\/p>\n<p>Ces propos ont pris un relief particulier car ils sont intervenus quelques jours apr\u00e8s un hommage appuy\u00e9 rendu par Donald Trump \u00e0 l\u2019animateur.<\/p>\n<p>Lors de son discours sur l\u2019\u00e9tat de l\u2019Union devant le Congr\u00e8s r\u00e9uni au grand complet, le pr\u00e9sident am\u00e9ricain lui a d\u00e9cern\u00e9 la \u00ab\u00a0m\u00e9daille de libert\u00e9\u00a0\u00bb, plus haute d\u00e9coration civile des Etats-Unis, et l\u2019a remerci\u00e9 pour \u00ab\u00a0des d\u00e9cennies de d\u00e9vouement \u00e0 notre pays\u00a0\u00bb.<\/p>\n<p>\u00ab\u00a0En tant que candidats, nous avons des d\u00e9saccords, mais des attaques personnelles comme celles-ci sont inacceptables\u00a0\u00bb, a r\u00e9agi Bernie Sanders.<\/p>\n<p>\u00ab\u00a0Les commentaires homophobes de Rush Limbaugh concernant Pete Buttigieg sont scandaleux et offensants. Ensemble, nous mettrons fin aux divisions et \u00e0 la haine sem\u00e9es par Donald Trump\u00a0\u00bb, a-t-il ajout\u00e9.<\/p>\n<p>Interrog\u00e9 jeudi sur le fait de savoir s\u2019il pensait que les Am\u00e9ricains pourraient \u00e9lire un pr\u00e9sident homosexuel, le pr\u00e9sident am\u00e9ricain a r\u00e9pondu: \u00ab\u00a0Je pense que oui\u00a0\u00bb.<\/p>\n<p>\u00ab\u00a0Je pense que certains ne le feraient pas. Mais je ne ferais pas partie de ce groupe pour \u00eatre honn\u00eate\u00a0\u00bb, a-t-il ajout\u00e9 dans l\u2019\u00e9mission de radio de Geraldo Rivera.<\/p>\n<p>Pete Buttigieg n\u2019a lui pas directement r\u00e9pondu aux attaques de l\u2019animateur conservateur.<\/p>\n<p>\u00ab\u00a0Je suis fier de mon mariage, je suis fier de mon mari\u00a0\u00bb, a-t-il simplement d\u00e9clar\u00e9 jeudi soir lors d\u2019une rencontre avec des \u00e9lecteurs \u00e0 Las Vegas.<\/p>\n<\/div>\n<p>Auteur: AFP<br \/>\n<a href=\"https:\/\/www.journalducameroun.com\/bernie-sanders-denonce-les-attaques-homophobes-visant-pete-buttigieg\/\">Cliquez ici pour lire l&rsquo;article depuis sa source.<\/a><\/p>\n","protected":false},"excerpt":{"rendered":"<p>Publi\u00e9 le 14.02.2020 \u00e0 21h50 par AFP Le s\u00e9nateur Bernie Sanders a d\u00e9nonc\u00e9 vendredi les attaques homophobes \u00ab\u00a0scandaleuses\u00a0\u00bb visant son rival d\u00e9mocrate Pete Buttigieg prononc\u00e9es par un c\u00e9l\u00e8bre animateur de radio proche de Donald Trump. Figure de la sph\u00e8re conservatrice am\u00e9ricaine, Rush Limbaugh s\u2019est moqu\u00e9 mercredi de l\u2019ancien maire de South Bend (Indiana), \u00ab\u00a0ce type [&hellip;]<\/p>\n","protected":false},"author":1965,"featured_media":0,"comment_status":"closed","ping_status":"closed","sticky":false,"template":"","format":"standard","meta":{"fifu_image_url":"","fifu_image_alt":"","footnotes":""},"categories":[73,82],"tags":[],"class_list":["post-76148","post","type-post","status-publish","format-standard","hentry","category-actualite","category-cameroun"],"_links":{"self":[{"href":"https:\/\/linitiative.ca\/International\/wp-json\/wp\/v2\/posts\/76148","targetHints":{"allow":["GET"]}}],"collection":[{"href":"https:\/\/linitiative.ca\/International\/wp-json\/wp\/v2\/posts"}],"about":[{"href":"https:\/\/linitiative.ca\/International\/wp-json\/wp\/v2\/types\/post"}],"author":[{"embeddable":true,"href":"https:\/\/linitiative.ca\/International\/wp-json\/wp\/v2\/users\/1965"}],"replies":[{"embeddable":true,"href":"https:\/\/linitiative.ca\/International\/wp-json\/wp\/v2\/comments?post=76148"}],"version-history":[{"count":0,"href":"https:\/\/linitiative.ca\/International\/wp-json\/wp\/v2\/posts\/76148\/revisions"}],"wp:attachment":[{"href":"https:\/\/linitiative.ca\/International\/wp-json\/wp\/v2\/media?parent=76148"}],"wp:term":[{"taxonomy":"category","embeddable":true,"href":"https:\/\/linitiative.ca\/International\/wp-json\/wp\/v2\/categories?post=76148"},{"taxonomy":"post_tag","embeddable":true,"href":"https:\/\/linitiative.ca\/International\/wp-json\/wp\/v2\/tags?post=76148"}],"curies":[{"name":"wp","href":"https:\/\/api.w.org\/{rel}","templated":true}]}}