{"id":76149,"date":"2020-02-14T15:50:06","date_gmt":"2020-02-14T20:50:06","guid":{"rendered":"https:\/\/linitiative.ca\/International\/tunisie-le-nouveau-gouvernement-sera-annonce-samedi-presidence\/"},"modified":"2020-02-14T15:50:06","modified_gmt":"2020-02-14T20:50:06","slug":"tunisie-le-nouveau-gouvernement-sera-annonce-samedi-presidence","status":"publish","type":"post","link":"https:\/\/linitiative.ca\/International\/tunisie-le-nouveau-gouvernement-sera-annonce-samedi-presidence\/","title":{"rendered":"Tunisie: le nouveau gouvernement sera annonc\u00e9 samedi (pr\u00e9sidence)"},"content":{"rendered":"<div readability=\"32\">\n<p>Publi\u00e9 le 14.02.2020 \u00e0 21h50 par AFP<\/p>\n<\/div>\n<div readability=\"81\">\n<p>Le chef du gouvernement tunisien d\u00e9sign\u00e9 Elyes Fakhfakh a report\u00e9 d\u2019un jour l\u2019annonce de la composition de son gouvernement attendue initialement vendredi, afin de \u00ab\u00a0poursuivre les consultations\u00a0\u00bb, selon la pr\u00e9sidence tunisienne.<\/p>\n<p>M. Fakhfakh, ancien ministre tunisien des Finances, a \u00e9t\u00e9 d\u00e9sign\u00e9 le 20 janvier par le pr\u00e9sident Kais Saied pour former un gouvernement apr\u00e8s le rejet le 10 janvier par le Parlement d\u2019un premier cabinet form\u00e9 sous la houlette du parti d\u2019inspiration islamiste Ennahdha.<\/p>\n<p>Il disposait d\u2019un mois pour constituer une \u00e9quipe susceptible de convaincre un Parlement morcel\u00e9.<\/p>\n<p>\u00ab\u00a0Pour mener \u00e0 bien le processus de formation du gouvernement dans les meilleures conditions, il a \u00e9t\u00e9 d\u00e9cid\u00e9 de reporter l\u2019annonce de sa composition \u00e0 samedi 17H00 GMT afin de poursuivre les consultations et l\u2019examen de certaines questions li\u00e9es au futur gouvernement\u00a0\u00bb, a dit la pr\u00e9sidence dans un communiqu\u00e9, sans pr\u00e9ciser lesquelles.<\/p>\n<p>Le communiqu\u00e9 a \u00e9t\u00e9 publi\u00e9 \u00e0 l\u2019issue d\u2019une rencontre vendredi soir entre MM. Fakhfakh et Saied, auquel le Premier ministre devait initialement remettre la liste de son cabinet avant de l\u2019annoncer \u00e0 la presse.<\/p>\n<p>Vendredi, Ennahdha (54 des 217 si\u00e8ges au Parlement) a critiqu\u00e9 lors d\u2019une conf\u00e9rence de presse les noms \u00e9voqu\u00e9s par M. Fakhfakh, affirmant qu\u2019il \u00ab\u00a0n\u2019a aucune chance de succ\u00e8s et de continuit\u00e9\u00a0\u00bb.<\/p>\n<p>Il l\u2019a appel\u00e9 \u00e0 former un gouvernement d\u2019unit\u00e9 nationale comprenant tous les partis repr\u00e9sent\u00e9s au Parlement.<\/p>\n<p>En cas d\u2019\u00e9chec, M. Fakhfakh \u2013dont le gouvernement a besoin d\u2019une majorit\u00e9 de 109 voix\u2013 M. Saied pourra dissoudre l\u2019Assembl\u00e9e et convoquer des \u00e9lections l\u00e9gislatives anticip\u00e9es.<\/p>\n<p>Le gouvernement sortant g\u00e8re actuellement les affaires courantes.<\/p>\n<p>Elyes Fakhfakh, 47 ans, a \u00e9t\u00e9 nomm\u00e9 ministre du Tourisme fin 2011 avant d\u2019\u00eatre ministre des Finances de d\u00e9cembre 2012 jusqu\u2019\u00e0 janvier 2014. Il a \u00e9t\u00e9 candidat \u00e0 la pr\u00e9sidentielle en 2019, mais n\u2019a convaincu que 0,34% des \u00e9lecteurs au premier tour.<\/p>\n<\/div>\n<p>Auteur: AFP<br \/>\n<a href=\"https:\/\/www.journalducameroun.com\/tunisie-le-nouveau-gouvernement-sera-annonce-samedi-presidence\/\">Cliquez ici pour lire l&rsquo;article depuis sa source.<\/a><\/p>\n","protected":false},"excerpt":{"rendered":"<p>Publi\u00e9 le 14.02.2020 \u00e0 21h50 par AFP Le chef du gouvernement tunisien d\u00e9sign\u00e9 Elyes Fakhfakh a report\u00e9 d\u2019un jour l\u2019annonce de la composition de son gouvernement attendue initialement vendredi, afin de \u00ab\u00a0poursuivre les consultations\u00a0\u00bb, selon la pr\u00e9sidence tunisienne. M. Fakhfakh, ancien ministre tunisien des Finances, a \u00e9t\u00e9 d\u00e9sign\u00e9 le 20 janvier par le pr\u00e9sident Kais [&hellip;]<\/p>\n","protected":false},"author":1965,"featured_media":0,"comment_status":"closed","ping_status":"closed","sticky":false,"template":"","format":"standard","meta":{"fifu_image_url":"","fifu_image_alt":"","footnotes":""},"categories":[73,82],"tags":[],"class_list":["post-76149","post","type-post","status-publish","format-standard","hentry","category-actualite","category-cameroun"],"_links":{"self":[{"href":"https:\/\/linitiative.ca\/International\/wp-json\/wp\/v2\/posts\/76149","targetHints":{"allow":["GET"]}}],"collection":[{"href":"https:\/\/linitiative.ca\/International\/wp-json\/wp\/v2\/posts"}],"about":[{"href":"https:\/\/linitiative.ca\/International\/wp-json\/wp\/v2\/types\/post"}],"author":[{"embeddable":true,"href":"https:\/\/linitiative.ca\/International\/wp-json\/wp\/v2\/users\/1965"}],"replies":[{"embeddable":true,"href":"https:\/\/linitiative.ca\/International\/wp-json\/wp\/v2\/comments?post=76149"}],"version-history":[{"count":0,"href":"https:\/\/linitiative.ca\/International\/wp-json\/wp\/v2\/posts\/76149\/revisions"}],"wp:attachment":[{"href":"https:\/\/linitiative.ca\/International\/wp-json\/wp\/v2\/media?parent=76149"}],"wp:term":[{"taxonomy":"category","embeddable":true,"href":"https:\/\/linitiative.ca\/International\/wp-json\/wp\/v2\/categories?post=76149"},{"taxonomy":"post_tag","embeddable":true,"href":"https:\/\/linitiative.ca\/International\/wp-json\/wp\/v2\/tags?post=76149"}],"curies":[{"name":"wp","href":"https:\/\/api.w.org\/{rel}","templated":true}]}}