{"id":76151,"date":"2020-02-14T16:18:02","date_gmt":"2020-02-14T21:18:02","guid":{"rendered":"https:\/\/linitiative.ca\/International\/rabat-capitale-africaine-de-la-culture\/"},"modified":"2020-02-14T16:18:02","modified_gmt":"2020-02-14T21:18:02","slug":"rabat-capitale-africaine-de-la-culture","status":"publish","type":"post","link":"https:\/\/linitiative.ca\/International\/rabat-capitale-africaine-de-la-culture\/","title":{"rendered":"Rabat capitale africaine de la culture"},"content":{"rendered":"<div readability=\"32\">\n<p>Publi\u00e9 le 14.02.2020 \u00e0 22h18 par APA News<\/p>\n<\/div>\n<div readability=\"73\">\n<p>La capitale du Maroc, Rabat a \u00e9t\u00e9\u00a0d\u00e9sign\u00e9e comme nouvelle capitale africaine pour la p\u00e9riode 2020\/2021 apr\u00e8s le d\u00e9sistement de la ville de Marrakech, annonce le comit\u00e9 d\u2019organisation des Capitales africaines de la culture dans un communiqu\u00e9.Selon le communiqu\u00e9, le comit\u00e9 avait d\u00e9lib\u00e9r\u00e9 le 4 f\u00e9vrier sur les m\u00e9rites de la candidature de Rabat et sur les conditions que cette ville devait remplir pour \u00eatre le miroir de la culture africaine pour la p\u00e9riode 2020\/2021.<\/p>\n<p>\u00ab\u00a0Apr\u00e8s avoir examin\u00e9 les atouts de la ville au regard du cahier des charges de la c\u00e9l\u00e9bration des capitales africaines de la culture, le comit\u00e9 a accueilli favorablement la candidature de Rabat, et d\u00e9cid\u00e9 de d\u00e9signer Rabat comme capitale africaine de la culture en 2020\/2021\u00a0\u00bb, li-on dans le communiqu\u00e9 sign\u00e9 par le secr\u00e9taire g\u00e9n\u00e9ral des Cit\u00e9s et Gouvernements Locaux Unis d\u2019Afrique (CGLU Afrique), Jean Pierre Elong Mbassi.<\/p>\n<p>Ainsi, une \u00e9quipe a \u00e9t\u00e9 mise en place, dont les membres de la direction des Capitales africaines de la culture, pour travailler sur la programmation g\u00e9n\u00e9rale des diff\u00e9rents \u00e9v\u00e9nements et activit\u00e9s. Cette \u00e9quipe pr\u00e9sentera en mars prochain les r\u00e9sultats de ses travaux et consultations au public lors d\u2019une conf\u00e9rence pr\u00e9vue \u00e0 Rabat.<\/p>\n<p>Le comit\u00e9 rappelle que le programme des capitales africaines de la culture comprend une multitude d\u2019activit\u00e9s Il s\u2019agit des \u00e9v\u00e9nements labellis\u00e9s en coh\u00e9rence avec la philosophie des Capitales africaines de la culture, notamment pour leur contribution \u00e0 la mise \u00e0 l\u2019honneur de la cr\u00e9ativit\u00e9 africaine.<\/p>\n<p>Figurent aussi les programmes pluriannuels contribuant \u00e0 structurer, organiser, professionnaliser et mettre en r\u00e9seau les artistes et acteurs culturels du continent africain pour qu\u2019ils participent \u00e0 faire des arts et de la culture le quatri\u00e8me pilier du d\u00e9veloppement durable des villes et territoires, et un moteur essentiel de la reconstruction de l\u2019estime de soi et du rayonnement international de la culture africaine, poursuit le communiqu\u00e9.<\/p>\n<p>Le programme pr\u00e9voit aussi des \u00e9v\u00e9nements et activit\u00e9s cr\u00e9\u00e9s sp\u00e9cifiquement pour la ville h\u00f4te de la c\u00e9l\u00e9bration des Capitales africaines de la culture.<\/p>\n<\/div>\n<p>Auteur: APA News<br \/>\n<a href=\"https:\/\/www.journalducameroun.com\/rabat-capitale-africaine-de-la-culture\/\">Cliquez ici pour lire l&rsquo;article depuis sa source.<\/a><\/p>\n","protected":false},"excerpt":{"rendered":"<p>Publi\u00e9 le 14.02.2020 \u00e0 22h18 par APA News La capitale du Maroc, Rabat a \u00e9t\u00e9\u00a0d\u00e9sign\u00e9e comme nouvelle capitale africaine pour la p\u00e9riode 2020\/2021 apr\u00e8s le d\u00e9sistement de la ville de Marrakech, annonce le comit\u00e9 d\u2019organisation des Capitales africaines de la culture dans un communiqu\u00e9.Selon le communiqu\u00e9, le comit\u00e9 avait d\u00e9lib\u00e9r\u00e9 le 4 f\u00e9vrier sur les [&hellip;]<\/p>\n","protected":false},"author":1965,"featured_media":0,"comment_status":"closed","ping_status":"closed","sticky":false,"template":"","format":"standard","meta":{"fifu_image_url":"","fifu_image_alt":"","footnotes":""},"categories":[73,82],"tags":[],"class_list":["post-76151","post","type-post","status-publish","format-standard","hentry","category-actualite","category-cameroun"],"_links":{"self":[{"href":"https:\/\/linitiative.ca\/International\/wp-json\/wp\/v2\/posts\/76151","targetHints":{"allow":["GET"]}}],"collection":[{"href":"https:\/\/linitiative.ca\/International\/wp-json\/wp\/v2\/posts"}],"about":[{"href":"https:\/\/linitiative.ca\/International\/wp-json\/wp\/v2\/types\/post"}],"author":[{"embeddable":true,"href":"https:\/\/linitiative.ca\/International\/wp-json\/wp\/v2\/users\/1965"}],"replies":[{"embeddable":true,"href":"https:\/\/linitiative.ca\/International\/wp-json\/wp\/v2\/comments?post=76151"}],"version-history":[{"count":0,"href":"https:\/\/linitiative.ca\/International\/wp-json\/wp\/v2\/posts\/76151\/revisions"}],"wp:attachment":[{"href":"https:\/\/linitiative.ca\/International\/wp-json\/wp\/v2\/media?parent=76151"}],"wp:term":[{"taxonomy":"category","embeddable":true,"href":"https:\/\/linitiative.ca\/International\/wp-json\/wp\/v2\/categories?post=76151"},{"taxonomy":"post_tag","embeddable":true,"href":"https:\/\/linitiative.ca\/International\/wp-json\/wp\/v2\/tags?post=76151"}],"curies":[{"name":"wp","href":"https:\/\/api.w.org\/{rel}","templated":true}]}}