{"id":76152,"date":"2020-02-14T01:52:03","date_gmt":"2020-02-14T06:52:03","guid":{"rendered":"https:\/\/linitiative.ca\/International\/borel-taguia-kana-drone-de-camerounais\/"},"modified":"2020-02-14T01:52:03","modified_gmt":"2020-02-14T06:52:03","slug":"borel-taguia-kana-drone-de-camerounais","status":"publish","type":"post","link":"https:\/\/linitiative.ca\/International\/borel-taguia-kana-drone-de-camerounais\/","title":{"rendered":"Borel Taguia Kana, drone de Camerounais"},"content":{"rendered":"<div class=\"featured-area featured-area-inner\" readability=\"7\"><img loading=\"lazy\" decoding=\"async\" width=\"512\" height=\"289\" src=\"https:\/\/i0.wp.com\/ecomatin.net\/wp-content\/uploads\/2020\/02\/Borel-Taguia-Kana.jpg?resize=512%2C289&#038;ssl=1&#038;is-pending-load=1\" class=\"attachment-jannah-image-post size-jannah-image-post wp-post-image jetpack-lazy-image\" alt=\"\" data-lazy-srcset=\"https:\/\/i0.wp.com\/ecomatin.net\/wp-content\/uploads\/2020\/02\/Borel-Taguia-Kana.jpg?w=512&#038;ssl=1 512w, https:\/\/i0.wp.com\/ecomatin.net\/wp-content\/uploads\/2020\/02\/Borel-Taguia-Kana.jpg?resize=300%2C169&#038;ssl=1 300w, https:\/\/i0.wp.com\/ecomatin.net\/wp-content\/uploads\/2020\/02\/Borel-Taguia-Kana.jpg?resize=390%2C220&#038;ssl=1 390w\" data-lazy-sizes=\"(max-width: 512px) 100vw, 512px\" srcset=\"data:image\/gif;base64,R0lGODlhAQABAIAAAAAAAP\/\/\/yH5BAEAAAAALAAAAAABAAEAAAIBRAA7\"\/> Le jeune startupper camerounais.<\/div>\n<div class=\"entry-content entry clearfix\" readability=\"67.5582503248\">\n<p>C\u2019est le fondateur de\u00a0<strong>Tagus Drone<\/strong>, une entreprise camerounaise sp\u00e9cialis\u00e9e dans le montage et la commercialisation de drones. Originaire de la r\u00e9gion de l\u2019Ouest, cet ancien pensionnaire de l\u2019Ecole nationale polytechnique de Maroua (<strong>Enspm<\/strong>) dit s\u2019\u00eatre lanc\u00e9 \u00e0 son propre compte en cr\u00e9ant cette start-up pour plusieurs raisons. Parmi celles-ci, trouver des solutions face \u00e0 la probl\u00e9matique d\u2019ordre s\u00e9curitaire \u00e0 laquelle fait face l\u2019Extr\u00eame-Nord du Cameroun, le transport d\u2019\u00e9quipements m\u00e9dicaux, la cartographie des villes et routes, la surveillance d\u2019espace agricole et bien d\u2019autres.<\/p>\n<p>Aujourd\u2019hui, la start-up lanc\u00e9e depuis le <strong>21 mai 2019<\/strong> a d\u00e9j\u00e0 mis sur le march\u00e9 quatre types de drones\u00a0:\u00a0<strong>SR 21<\/strong>,\u00a0<strong>AkevaCare<\/strong>,\u00a0<strong>Infinity<\/strong>\u00a0et\u00a0<strong>Tagus Snap<\/strong>. En plus de ces drones, elle a aussi con\u00e7u des logiciels d\u2019intelligence artificielle pour la reconnaissance faciale, la d\u00e9tection de personnes et d\u2019objets, la d\u00e9tection d\u2019anomalie et la mod\u00e9lisation 3D. Pour se procurer un de ces joujoux technologiques, il faudrait avoir une id\u00e9e du service voulu et pr\u00e9voir entre\u00a0<strong>500\u00a0000<\/strong>\u00a0et\u00a0<strong>1\u00a0000\u00a0000<\/strong>\u00a0FCFA.<\/p>\n<p>Pour se d\u00e9marquer de ses pr\u00e9d\u00e9cesseurs dans les drones \u00ab\u00a0Made in Cameroon\u00a0\u00bb, l\u2019entreprise compte sur son \u00e9quipe jeune et dynamique, le temps de vol de ses appareils et des syst\u00e8mes d\u2019intelligence qui accompagneront ses mod\u00e8les. Par ailleurs son projet b\u00e9n\u00e9ficie d\u2019un financement participatif o\u00f9 tout le monde peut investir sur une p\u00e9riode de deux ans. En plus de neuf mois de fonctionnement, l\u2019entreprise compte\u00a0<strong>6 589<\/strong>\u00a0potentiels investisseurs r\u00e9partis dans plus de\u00a0<strong>54<\/strong>\u00a0pays avec plus de\u00a0<strong>67\u00a0millions de FCFA<\/strong>\u00a0d\u00e9j\u00e0 r\u00e9colt\u00e9s.\u00a0\u00a0Notons que ce financement participatif vise \u00e0 lever plus de\u00a0<strong>500 millions<\/strong>\u00a0de FCFA pour conqu\u00e9rir le march\u00e9 africain avec ses quatre drones.<\/p>\n<p>Aujourd\u2019hui \u00e2g\u00e9 de\u00a0<strong>25 ans<\/strong>, sa passion pour la technologie lui vient depuis ses \u00e9tudes secondaires ou il obtient son baccalaur\u00e9at C au lyc\u00e9e de Mbouda avec la mention assez bien. Puis il sortira major de sa promotion en ing\u00e9nierie et conception \u00e0 l\u2019<strong>Enspm<\/strong>. Apr\u00e8s ses \u00e9tudes, il a travaill\u00e9 pendant deux ans respectivement pour les entreprises\u00a0<strong>EDC<\/strong>\u00a0et\u00a0<strong>Aliqo Energy\u00a0<\/strong>avant de se lancer \u00e0 son propre compte.<\/p>\n<div class=\"sharedaddy sd-sharing-enabled robots-nocontent sd-block sd-social sd-social-icon-text sd-sharing\">\n<h3 class=\"sd-title\">Partager\u00a0:<\/h3>\n<\/div>\n<p><h3 class=\"jp-relatedposts-headline\"><em>Articles similaires<\/em><\/h3>\n<\/p>\n<\/div>\n<div class=\"toggle-post-content clearfix\"><a id=\"toggle-post-button\" class=\"button\" href=\"#\">Afficher plus <\/a><\/div>\n<p>Auteur: Serges Bontsebe<br \/>\n<a href=\"https:\/\/ecomatin.net\/borel-taguia-kana-drone-de-camerounais\/\">Cliquez ici pour lire l&rsquo;article depuis sa source.<\/a><\/p>\n","protected":false},"excerpt":{"rendered":"<p>Le jeune startupper camerounais. C\u2019est le fondateur de\u00a0Tagus Drone, une entreprise camerounaise sp\u00e9cialis\u00e9e dans le montage et la commercialisation de drones. Originaire de la r\u00e9gion de l\u2019Ouest, cet ancien pensionnaire de l\u2019Ecole nationale polytechnique de Maroua (Enspm) dit s\u2019\u00eatre lanc\u00e9 \u00e0 son propre compte en cr\u00e9ant cette start-up pour plusieurs raisons. Parmi celles-ci, trouver des [&hellip;]<\/p>\n","protected":false},"author":1969,"featured_media":0,"comment_status":"closed","ping_status":"closed","sticky":false,"template":"","format":"standard","meta":{"fifu_image_url":"","fifu_image_alt":"","footnotes":""},"categories":[82,78],"tags":[],"class_list":["post-76152","post","type-post","status-publish","format-standard","hentry","category-cameroun","category-economie"],"_links":{"self":[{"href":"https:\/\/linitiative.ca\/International\/wp-json\/wp\/v2\/posts\/76152","targetHints":{"allow":["GET"]}}],"collection":[{"href":"https:\/\/linitiative.ca\/International\/wp-json\/wp\/v2\/posts"}],"about":[{"href":"https:\/\/linitiative.ca\/International\/wp-json\/wp\/v2\/types\/post"}],"author":[{"embeddable":true,"href":"https:\/\/linitiative.ca\/International\/wp-json\/wp\/v2\/users\/1969"}],"replies":[{"embeddable":true,"href":"https:\/\/linitiative.ca\/International\/wp-json\/wp\/v2\/comments?post=76152"}],"version-history":[{"count":0,"href":"https:\/\/linitiative.ca\/International\/wp-json\/wp\/v2\/posts\/76152\/revisions"}],"wp:attachment":[{"href":"https:\/\/linitiative.ca\/International\/wp-json\/wp\/v2\/media?parent=76152"}],"wp:term":[{"taxonomy":"category","embeddable":true,"href":"https:\/\/linitiative.ca\/International\/wp-json\/wp\/v2\/categories?post=76152"},{"taxonomy":"post_tag","embeddable":true,"href":"https:\/\/linitiative.ca\/International\/wp-json\/wp\/v2\/tags?post=76152"}],"curies":[{"name":"wp","href":"https:\/\/api.w.org\/{rel}","templated":true}]}}