{"id":76153,"date":"2020-02-15T02:06:34","date_gmt":"2020-02-15T07:06:34","guid":{"rendered":"https:\/\/linitiative.ca\/International\/festival-national-du-film-12-films-de-long-metrage-documentaire-en-lice\/"},"modified":"2020-02-15T02:06:34","modified_gmt":"2020-02-15T07:06:34","slug":"festival-national-du-film-12-films-de-long-metrage-documentaire-en-lice","status":"publish","type":"post","link":"https:\/\/linitiative.ca\/International\/festival-national-du-film-12-films-de-long-metrage-documentaire-en-lice\/","title":{"rendered":"Festival national du film : 12 films de long m\u00e9trage documentaire en lice"},"content":{"rendered":"<header>\n<div class=\"entry-post-meta\">\n<div class=\"author-link\">Publi\u00e9 par <a itemprop=\"author\" itemscope=\"\" itemtype=\"https:\/\/schema.org\/Person\" href=\"http:\/\/aujourdhui.ma\/profile\/kaid\" rel=\"author\"><span itemprop=\"name\">ALM<\/span><\/a><\/div>\n<p>Date\u00a0:<time content=\"2020-02-05T08:06:34+00:00\" class=\"entry-date updated\" datetime=\"2020-02-05T08:06:34+00:00\">f\u00e9vrier 05, 2020<\/time><\/p>\n<div class=\"entry-cat\">dans:<a href=\"http:\/\/aujourdhui.ma\/category\/culture\/cinema\" rel=\"category tag\">Cinema<\/a><\/div>\n<p>1Vues<\/p>\n<\/div>\n<\/header>\n<div class=\"entry-content clearfix\" readability=\"45\"><img decoding=\"async\" class=\"post_layout_5_img\" src=\"http:\/\/aujourdhui.ma\/wp-content\/uploads\/2020\/02\/film-Cinema.jpg?x29840\" alt=\"Festival national du film : 12 films de long m\u00e9trage documentaire en lice\"\/><\/p>\n<p class=\"p1\"><span class=\"s1\"><span class=\"c4\"><strong>Pour la premi\u00e8re fois dans l\u2019histoire du Festival national du film (FNF), une comp\u00e9tition d\u00e9di\u00e9e au film de long m\u00e9trage documentaire sera au programme de la 21\u00e8me \u00e9dition du FNF, qui se tiendra \u00e0 Tanger du 28 f\u00e9vrier au 7 mars 2020.<\/strong><\/span><\/span> <span id=\"more-333154\"\/><\/p>\n<p class=\"p1\"><span class=\"s1\">Selon le CCM, ces films seront d\u00e9partag\u00e9s par un jury compos\u00e9 de trois membres, et vont concourir pour le Grand prix du documentaire et le prix sp\u00e9cial du jury. Ainsi parmi ces films on retrouve \u00abAin Abarbour\u00bb de Sidi Mohamed Fadel El Joumani, \u00abAmghar\u00bb de Bouchaib El Messaoudi, \u00abMjmaa Lahbib\u00bb de Mohamed Chrif Tribak et autres.<\/span><\/p>\n<\/div>\n<p>Auteur: ALM<br \/>\n<a href=\"http:\/\/aujourdhui.ma\/culture\/cinema\/festival-national-du-film-12-films-de-long-metrage-documentaire-en-lice\">Cliquez ici pour lire l&rsquo;article depuis sa source.<\/a><\/p>\n","protected":false},"excerpt":{"rendered":"<p>Publi\u00e9 par ALM Date\u00a0:f\u00e9vrier 05, 2020 dans:Cinema 1Vues Pour la premi\u00e8re fois dans l\u2019histoire du Festival national du film (FNF), une comp\u00e9tition d\u00e9di\u00e9e au film de long m\u00e9trage documentaire sera au programme de la 21\u00e8me \u00e9dition du FNF, qui se tiendra \u00e0 Tanger du 28 f\u00e9vrier au 7 mars 2020. Selon le CCM, ces films [&hellip;]<\/p>\n","protected":false},"author":1759,"featured_media":0,"comment_status":"closed","ping_status":"closed","sticky":false,"template":"","format":"standard","meta":{"fifu_image_url":"","fifu_image_alt":"","footnotes":""},"categories":[73,54],"tags":[],"class_list":["post-76153","post","type-post","status-publish","format-standard","hentry","category-actualite","category-maroc"],"_links":{"self":[{"href":"https:\/\/linitiative.ca\/International\/wp-json\/wp\/v2\/posts\/76153","targetHints":{"allow":["GET"]}}],"collection":[{"href":"https:\/\/linitiative.ca\/International\/wp-json\/wp\/v2\/posts"}],"about":[{"href":"https:\/\/linitiative.ca\/International\/wp-json\/wp\/v2\/types\/post"}],"author":[{"embeddable":true,"href":"https:\/\/linitiative.ca\/International\/wp-json\/wp\/v2\/users\/1759"}],"replies":[{"embeddable":true,"href":"https:\/\/linitiative.ca\/International\/wp-json\/wp\/v2\/comments?post=76153"}],"version-history":[{"count":0,"href":"https:\/\/linitiative.ca\/International\/wp-json\/wp\/v2\/posts\/76153\/revisions"}],"wp:attachment":[{"href":"https:\/\/linitiative.ca\/International\/wp-json\/wp\/v2\/media?parent=76153"}],"wp:term":[{"taxonomy":"category","embeddable":true,"href":"https:\/\/linitiative.ca\/International\/wp-json\/wp\/v2\/categories?post=76153"},{"taxonomy":"post_tag","embeddable":true,"href":"https:\/\/linitiative.ca\/International\/wp-json\/wp\/v2\/tags?post=76153"}],"curies":[{"name":"wp","href":"https:\/\/api.w.org\/{rel}","templated":true}]}}