{"id":76159,"date":"2020-02-15T05:00:00","date_gmt":"2020-02-15T10:00:00","guid":{"rendered":"https:\/\/linitiative.ca\/International\/mohamed-boulkacem-prive-de-la-nationalite-algerienne\/"},"modified":"2020-02-15T05:00:00","modified_gmt":"2020-02-15T10:00:00","slug":"mohamed-boulkacem-prive-de-la-nationalite-algerienne","status":"publish","type":"post","link":"https:\/\/linitiative.ca\/International\/mohamed-boulkacem-prive-de-la-nationalite-algerienne\/","title":{"rendered":"Mohamed Boulkacem priv\u00e9 de la nationalit\u00e9 alg\u00e9rienne"},"content":{"rendered":"<div id=\"originalText\" readability=\"57\">\n<p>Mohamed Boulkacem, ce Marocain venu s\u2019installer en Alg\u00e9rie depuis les ann\u00e9es 1920, n\u2019a toujours pas obtenu la nationalit\u00e9 alg\u00e9rienne. Install\u00e9 au village Taguenits, \u00e0 A\u00efn El-Hammam, dans la wilaya de Tizi Ouzou, M. Boulkacem a pris part activement \u00e0 la R\u00e9volution, aux c\u00f4t\u00e9s de grands maquisards de la r\u00e9gion d\u2019A\u00efn El-Hammam et d\u2019Illoula Oumalou.<\/p>\n<p>\u201cIl avait m\u00eame travaill\u00e9 avec Hocine A\u00eft Ahmed et le colonel Amirouche\u201d, t\u00e9moignent ses amis. Ses enfants ne comprennent pas le fait que les autorit\u00e9s alg\u00e9riennes lui ont d\u00e9livr\u00e9 \u201cune attestation communale\u201d le reconnaissant comme ancien maquisard, mais le privent toujours de la nationalit\u00e9.<\/p>\n<p>Mari\u00e9\u00a0 \u00a0\u00e0\u00a0 une\u00a0 Alg\u00e9rienne,\u00a0 ses\u00a0 13\u00a0 enfants,\u00a0 tous\u00a0 mari\u00e9s\u00a0 \u00a0dans\u00a0 la\u00a0 r\u00e9gion, souhaitent, eux aussi, b\u00e9n\u00e9ficier de la nationalit\u00e9 du pays que leur p\u00e8re avait choisie et pour lequel il s\u2019est sacrifi\u00e9.<\/p>\n<\/div>\n<div id=\"text_core\" readability=\"57\">\n<p>Mohamed Boulkacem, ce Marocain venu s\u2019installer en Alg\u00e9rie depuis les ann\u00e9es 1920, n\u2019a toujours pas obtenu la nationalit\u00e9 alg\u00e9rienne. Install\u00e9 au village Taguenits, \u00e0 A\u00efn El-Hammam, dans la wilaya de Tizi Ouzou, M. Boulkacem a pris part activement \u00e0 la R\u00e9volution, aux c\u00f4t\u00e9s de grands maquisards de la r\u00e9gion d\u2019A\u00efn El-Hammam et d\u2019Illoula Oumalou.<\/p>\n<p>\u201cIl avait m\u00eame travaill\u00e9 avec Hocine A\u00eft Ahmed et le colonel Amirouche\u201d, t\u00e9moignent ses amis. Ses enfants ne comprennent pas le fait que les autorit\u00e9s alg\u00e9riennes lui ont d\u00e9livr\u00e9 \u201cune attestation communale\u201d le reconnaissant comme ancien maquisard, mais le privent toujours de la nationalit\u00e9.<\/p>\n<p>Mari\u00e9\u00a0 \u00a0\u00e0\u00a0 une\u00a0 Alg\u00e9rienne,\u00a0 ses\u00a0 13\u00a0 enfants,\u00a0 tous\u00a0 mari\u00e9s\u00a0 \u00a0dans\u00a0 la\u00a0 r\u00e9gion, souhaitent, eux aussi, b\u00e9n\u00e9ficier de la nationalit\u00e9 du pays que leur p\u00e8re avait choisie et pour lequel il s\u2019est sacrifi\u00e9.<\/p>\n<\/div>\n<p>Auteur:<br \/>\n<a href=\"https:\/\/www.liberte-algerie.com\/radar\/mohamed-boulkacem-prive-de-la-nationalite-algerienne-333853\">Cliquez ici pour lire l&rsquo;article depuis sa source.<\/a><\/p>\n","protected":false},"excerpt":{"rendered":"<p>Mohamed Boulkacem, ce Marocain venu s\u2019installer en Alg\u00e9rie depuis les ann\u00e9es 1920, n\u2019a toujours pas obtenu la nationalit\u00e9 alg\u00e9rienne. Install\u00e9 au village Taguenits, \u00e0 A\u00efn El-Hammam, dans la wilaya de Tizi Ouzou, M. Boulkacem a pris part activement \u00e0 la R\u00e9volution, aux c\u00f4t\u00e9s de grands maquisards de la r\u00e9gion d\u2019A\u00efn El-Hammam et d\u2019Illoula Oumalou. \u201cIl [&hellip;]<\/p>\n","protected":false},"author":1742,"featured_media":0,"comment_status":"closed","ping_status":"closed","sticky":false,"template":"","format":"standard","meta":{"fifu_image_url":"","fifu_image_alt":"","footnotes":""},"categories":[73,53],"tags":[],"class_list":["post-76159","post","type-post","status-publish","format-standard","hentry","category-actualite","category-algerie"],"_links":{"self":[{"href":"https:\/\/linitiative.ca\/International\/wp-json\/wp\/v2\/posts\/76159","targetHints":{"allow":["GET"]}}],"collection":[{"href":"https:\/\/linitiative.ca\/International\/wp-json\/wp\/v2\/posts"}],"about":[{"href":"https:\/\/linitiative.ca\/International\/wp-json\/wp\/v2\/types\/post"}],"author":[{"embeddable":true,"href":"https:\/\/linitiative.ca\/International\/wp-json\/wp\/v2\/users\/1742"}],"replies":[{"embeddable":true,"href":"https:\/\/linitiative.ca\/International\/wp-json\/wp\/v2\/comments?post=76159"}],"version-history":[{"count":0,"href":"https:\/\/linitiative.ca\/International\/wp-json\/wp\/v2\/posts\/76159\/revisions"}],"wp:attachment":[{"href":"https:\/\/linitiative.ca\/International\/wp-json\/wp\/v2\/media?parent=76159"}],"wp:term":[{"taxonomy":"category","embeddable":true,"href":"https:\/\/linitiative.ca\/International\/wp-json\/wp\/v2\/categories?post=76159"},{"taxonomy":"post_tag","embeddable":true,"href":"https:\/\/linitiative.ca\/International\/wp-json\/wp\/v2\/tags?post=76159"}],"curies":[{"name":"wp","href":"https:\/\/api.w.org\/{rel}","templated":true}]}}