{"id":76160,"date":"2020-02-15T05:00:00","date_gmt":"2020-02-15T10:00:00","guid":{"rendered":"https:\/\/linitiative.ca\/International\/la-faillite-daigle-azur-affecte-laeroport-dorly\/"},"modified":"2020-02-15T05:00:00","modified_gmt":"2020-02-15T10:00:00","slug":"la-faillite-daigle-azur-affecte-laeroport-dorly","status":"publish","type":"post","link":"https:\/\/linitiative.ca\/International\/la-faillite-daigle-azur-affecte-laeroport-dorly\/","title":{"rendered":"La faillite d\u2019Aigle Azur affecte l\u2019a\u00e9roport d\u2019Orly"},"content":{"rendered":"<div id=\"originalText\" readability=\"52\">\n<p>Le trafic de l\u2019a\u00e9roport d\u2019Orly, au sud de la capitale parisienne, a enregistr\u00e9 en 2019 une baisse de 2,5%,\u00a0 cons\u00e9quences\u00a0 de\u00a0 la\u00a0 faillite\u00a0 de\u00a0 la\u00a0 compagnie\u00a0 Aigle\u00a0 Azur,\u00a0 qui\u00a0 \u00e9tait\u00a0 sp\u00e9cialis\u00e9e\u00a0 dans la desserte du bassin m\u00e9diterran\u00e9en, notamment l\u2019Alg\u00e9rie.<\/p>\n<p>Cette\u00a0 baisse\u00a0 s\u2019est\u00a0 poursuivie\u00a0 en\u00a0 janvier dernier, et ce, malgr\u00e9 la r\u00e9attribution \u00e0\u00a0 de\u00a0 nouvelles\u00a0 compagnies\u00a0 a\u00e9riennes des cr\u00e9neaux lib\u00e9r\u00e9s par Aigle Azur et qui ne sont pas encore tous r\u00e9utilis\u00e9s. Du coup, l\u2019activit\u00e9 globale des a\u00e9roports parisiens a enregistr\u00e9 une hausse de 1,2% en janvier, et ce, malgr\u00e9 une hausse de 2,9% de trafic \u00e0 l\u2019a\u00e9roport Paris-Charles de Gaulle.\u00a0<\/p>\n<\/div>\n<div id=\"text_core\" readability=\"52\">\n<p>Le trafic de l\u2019a\u00e9roport d\u2019Orly, au sud de la capitale parisienne, a enregistr\u00e9 en 2019 une baisse de 2,5%,\u00a0 cons\u00e9quences\u00a0 de\u00a0 la\u00a0 faillite\u00a0 de\u00a0 la\u00a0 compagnie\u00a0 Aigle\u00a0 Azur,\u00a0 qui\u00a0 \u00e9tait\u00a0 sp\u00e9cialis\u00e9e\u00a0 dans la desserte du bassin m\u00e9diterran\u00e9en, notamment l\u2019Alg\u00e9rie.<\/p>\n<p>Cette\u00a0 baisse\u00a0 s\u2019est\u00a0 poursuivie\u00a0 en\u00a0 janvier dernier, et ce, malgr\u00e9 la r\u00e9attribution \u00e0\u00a0 de\u00a0 nouvelles\u00a0 compagnies\u00a0 a\u00e9riennes des cr\u00e9neaux lib\u00e9r\u00e9s par Aigle Azur et qui ne sont pas encore tous r\u00e9utilis\u00e9s. Du coup, l\u2019activit\u00e9 globale des a\u00e9roports parisiens a enregistr\u00e9 une hausse de 1,2% en janvier, et ce, malgr\u00e9 une hausse de 2,9% de trafic \u00e0 l\u2019a\u00e9roport Paris-Charles de Gaulle.\u00a0<\/p>\n<\/div>\n<p>Auteur:<br \/>\n<a href=\"https:\/\/www.liberte-algerie.com\/radar\/la-faillite-daigle-azur-affecte-laeroport-dorly-333852\">Cliquez ici pour lire l&rsquo;article depuis sa source.<\/a><\/p>\n","protected":false},"excerpt":{"rendered":"<p>Le trafic de l\u2019a\u00e9roport d\u2019Orly, au sud de la capitale parisienne, a enregistr\u00e9 en 2019 une baisse de 2,5%,\u00a0 cons\u00e9quences\u00a0 de\u00a0 la\u00a0 faillite\u00a0 de\u00a0 la\u00a0 compagnie\u00a0 Aigle\u00a0 Azur,\u00a0 qui\u00a0 \u00e9tait\u00a0 sp\u00e9cialis\u00e9e\u00a0 dans la desserte du bassin m\u00e9diterran\u00e9en, notamment l\u2019Alg\u00e9rie. Cette\u00a0 baisse\u00a0 s\u2019est\u00a0 poursuivie\u00a0 en\u00a0 janvier dernier, et ce, malgr\u00e9 la r\u00e9attribution \u00e0\u00a0 de\u00a0 nouvelles\u00a0 compagnies\u00a0 [&hellip;]<\/p>\n","protected":false},"author":1742,"featured_media":0,"comment_status":"closed","ping_status":"closed","sticky":false,"template":"","format":"standard","meta":{"fifu_image_url":"","fifu_image_alt":"","footnotes":""},"categories":[73,53],"tags":[],"class_list":["post-76160","post","type-post","status-publish","format-standard","hentry","category-actualite","category-algerie"],"_links":{"self":[{"href":"https:\/\/linitiative.ca\/International\/wp-json\/wp\/v2\/posts\/76160","targetHints":{"allow":["GET"]}}],"collection":[{"href":"https:\/\/linitiative.ca\/International\/wp-json\/wp\/v2\/posts"}],"about":[{"href":"https:\/\/linitiative.ca\/International\/wp-json\/wp\/v2\/types\/post"}],"author":[{"embeddable":true,"href":"https:\/\/linitiative.ca\/International\/wp-json\/wp\/v2\/users\/1742"}],"replies":[{"embeddable":true,"href":"https:\/\/linitiative.ca\/International\/wp-json\/wp\/v2\/comments?post=76160"}],"version-history":[{"count":0,"href":"https:\/\/linitiative.ca\/International\/wp-json\/wp\/v2\/posts\/76160\/revisions"}],"wp:attachment":[{"href":"https:\/\/linitiative.ca\/International\/wp-json\/wp\/v2\/media?parent=76160"}],"wp:term":[{"taxonomy":"category","embeddable":true,"href":"https:\/\/linitiative.ca\/International\/wp-json\/wp\/v2\/categories?post=76160"},{"taxonomy":"post_tag","embeddable":true,"href":"https:\/\/linitiative.ca\/International\/wp-json\/wp\/v2\/tags?post=76160"}],"curies":[{"name":"wp","href":"https:\/\/api.w.org\/{rel}","templated":true}]}}