{"id":76161,"date":"2020-02-15T05:00:00","date_gmt":"2020-02-15T10:00:00","guid":{"rendered":"https:\/\/linitiative.ca\/International\/le-care-lance-des-formations-pour-les-chefs-dentreprise\/"},"modified":"2020-02-15T05:00:00","modified_gmt":"2020-02-15T10:00:00","slug":"le-care-lance-des-formations-pour-les-chefs-dentreprise","status":"publish","type":"post","link":"https:\/\/linitiative.ca\/International\/le-care-lance-des-formations-pour-les-chefs-dentreprise\/","title":{"rendered":"Le Care lance des formations pour les chefs d\u2019entreprise"},"content":{"rendered":"<div id=\"originalText\" readability=\"50\">\n<p>Le Cercle d\u2019action et de r\u00e9flexion autour de l\u2019entreprise (Care), en partenariat avec le Centre international pour l\u2019entreprise priv\u00e9e (Cipe), lance un cycle de formations-pilotes sur L\u2019am\u00e9lioration de l\u2019acc\u00e8s des PME aux financements\u00a0 \u00e0 destination des chefs d\u2019entreprise et PME \u00e0 fort potentiel de croissance.<\/p>\n<p>La formation, qui se d\u00e9roulera \u00e0 Alger, s\u2019adresse aux cadres dirigeants, tous secteurs d\u2019activit\u00e9 confondus. Les entreprises participantes doivent \u00eatre\u00a0 de droit alg\u00e9rien, avec un chiffre d\u2019affaires inf\u00e9rieur \u00e0 200 millions de dinars et un potentiel de croissance av\u00e9r\u00e9 de plus de 20% par an au minimum.<\/p>\n<p>Un\u00a0 \u00a0comit\u00e9\u00a0 compos\u00e9\u00a0 de\u00a0 repr\u00e9sentants\u00a0 d\u2019associations\u00a0 et\u00a0 d\u2019organisations patronales et de repr\u00e9sentants d\u2019\u00e9tablissements financiers s\u00e9lectionnera dix candidats apr\u00e8s \u00e9tude des dossiers de candidature.<\/p>\n<\/div>\n<div id=\"text_core\" readability=\"50\">\n<p>Le Cercle d\u2019action et de r\u00e9flexion autour de l\u2019entreprise (Care), en partenariat avec le Centre international pour l\u2019entreprise priv\u00e9e (Cipe), lance un cycle de formations-pilotes sur L\u2019am\u00e9lioration de l\u2019acc\u00e8s des PME aux financements\u00a0 \u00e0 destination des chefs d\u2019entreprise et PME \u00e0 fort potentiel de croissance.<\/p>\n<p>La formation, qui se d\u00e9roulera \u00e0 Alger, s\u2019adresse aux cadres dirigeants, tous secteurs d\u2019activit\u00e9 confondus. Les entreprises participantes doivent \u00eatre\u00a0 de droit alg\u00e9rien, avec un chiffre d\u2019affaires inf\u00e9rieur \u00e0 200 millions de dinars et un potentiel de croissance av\u00e9r\u00e9 de plus de 20% par an au minimum.<\/p>\n<p>Un\u00a0 \u00a0comit\u00e9\u00a0 compos\u00e9\u00a0 de\u00a0 repr\u00e9sentants\u00a0 d\u2019associations\u00a0 et\u00a0 d\u2019organisations patronales et de repr\u00e9sentants d\u2019\u00e9tablissements financiers s\u00e9lectionnera dix candidats apr\u00e8s \u00e9tude des dossiers de candidature.<\/p>\n<\/div>\n<p>Auteur:<br \/>\n<a href=\"https:\/\/www.liberte-algerie.com\/radar\/le-care-lance-des-formations-pour-les-chefs-dentreprise-333851\">Cliquez ici pour lire l&rsquo;article depuis sa source.<\/a><\/p>\n","protected":false},"excerpt":{"rendered":"<p>Le Cercle d\u2019action et de r\u00e9flexion autour de l\u2019entreprise (Care), en partenariat avec le Centre international pour l\u2019entreprise priv\u00e9e (Cipe), lance un cycle de formations-pilotes sur L\u2019am\u00e9lioration de l\u2019acc\u00e8s des PME aux financements\u00a0 \u00e0 destination des chefs d\u2019entreprise et PME \u00e0 fort potentiel de croissance. La formation, qui se d\u00e9roulera \u00e0 Alger, s\u2019adresse aux cadres [&hellip;]<\/p>\n","protected":false},"author":1742,"featured_media":0,"comment_status":"closed","ping_status":"closed","sticky":false,"template":"","format":"standard","meta":{"fifu_image_url":"","fifu_image_alt":"","footnotes":""},"categories":[73,53],"tags":[],"class_list":["post-76161","post","type-post","status-publish","format-standard","hentry","category-actualite","category-algerie"],"_links":{"self":[{"href":"https:\/\/linitiative.ca\/International\/wp-json\/wp\/v2\/posts\/76161","targetHints":{"allow":["GET"]}}],"collection":[{"href":"https:\/\/linitiative.ca\/International\/wp-json\/wp\/v2\/posts"}],"about":[{"href":"https:\/\/linitiative.ca\/International\/wp-json\/wp\/v2\/types\/post"}],"author":[{"embeddable":true,"href":"https:\/\/linitiative.ca\/International\/wp-json\/wp\/v2\/users\/1742"}],"replies":[{"embeddable":true,"href":"https:\/\/linitiative.ca\/International\/wp-json\/wp\/v2\/comments?post=76161"}],"version-history":[{"count":0,"href":"https:\/\/linitiative.ca\/International\/wp-json\/wp\/v2\/posts\/76161\/revisions"}],"wp:attachment":[{"href":"https:\/\/linitiative.ca\/International\/wp-json\/wp\/v2\/media?parent=76161"}],"wp:term":[{"taxonomy":"category","embeddable":true,"href":"https:\/\/linitiative.ca\/International\/wp-json\/wp\/v2\/categories?post=76161"},{"taxonomy":"post_tag","embeddable":true,"href":"https:\/\/linitiative.ca\/International\/wp-json\/wp\/v2\/tags?post=76161"}],"curies":[{"name":"wp","href":"https:\/\/api.w.org\/{rel}","templated":true}]}}