{"id":76166,"date":"2020-02-14T17:04:17","date_gmt":"2020-02-14T22:04:17","guid":{"rendered":"https:\/\/linitiative.ca\/International\/maghreb-debat-sur-lemployabilite-et-la-paix-sociale\/"},"modified":"2020-02-14T17:04:17","modified_gmt":"2020-02-14T22:04:17","slug":"maghreb-debat-sur-lemployabilite-et-la-paix-sociale","status":"publish","type":"post","link":"https:\/\/linitiative.ca\/International\/maghreb-debat-sur-lemployabilite-et-la-paix-sociale\/","title":{"rendered":"Maghreb: D\u00e9bat sur l\u2019employabilit\u00e9 et la paix sociale"},"content":{"rendered":"<div readability=\"36\">\n<p>Marrakech \u2013 \u00ab\u00a0L\u2019employabilit\u00e9 et la paix sociale dans les pays maghr\u00e9bins\u00a0\u00bb est le th\u00e8me d\u2019un colloque organis\u00e9 vendredi \u00e0 Marrakech, avec la participation d\u2019un ar\u00e9opage de chercheurs, d\u2019experts et de professeurs universitaires.<\/p>\n<\/div>\n<div readability=\"116\">\n<p>Initi\u00e9e par l\u2019Organisation de l\u2019Action Maghr\u00e9bine (OAM) en partenariat notamment avec la Fondation Hanns Seidel, le Laboratoire des \u00e9tudes juridiques, civiles et fonci\u00e8res et le Centre international d\u2019\u00e9tudes et de conseils juridiques, cette rencontre de deux jours se veut une occasion pour d\u00e9battre de l\u2019efficience et de l\u2019efficacit\u00e9 des l\u00e9gislations en mati\u00e8re d\u2019emploi dans les pays maghr\u00e9bins pour la promotion de ce secteur, la r\u00e9alisation du d\u00e9veloppement \u00e9conomique et la garantie de la paix sociale.<\/p>\n<p>Intervenant \u00e0 cette occasion, le directeur g\u00e9n\u00e9ral de l\u2019Agence Nationale de Promotion de l\u2019Emploi et des Comp\u00e9tences (ANAPEC), Abdelmouna\u00efm Madani, a indiqu\u00e9 que le syst\u00e8me universitaire national a r\u00e9ussi \u00e0 doter l\u2019administration et l\u2019\u00e9conomie nationales de cadres hautement qualifi\u00e9s, relevant que les indicateurs et les chiffres font ressortir que la moyenne d\u2019int\u00e9gration des dipl\u00f4m\u00e9s universitaires d\u00e9passe celles des laur\u00e9ats des autres syst\u00e8mes de formation.<\/p>\n<p>Les responsable a \u00e9galement expliqu\u00e9 que le syst\u00e8me d\u2019\u00e9ducation et de formation est actuellement au c\u0153ur des d\u00e9bats, \u00e0 la lumi\u00e8re de l\u2019\u00e9mergence d\u2019une s\u00e9rie de dysfonctionnements endog\u00e8nes et exog\u00e8nes, ajoutant que ce syst\u00e8me est devenu dans l\u2019incapacit\u00e9 de s\u2019adapter \u00e0 l\u2019actuelle conjoncture, notamment en mati\u00e8re d\u2019employabilit\u00e9 et d\u2019int\u00e9gration.<\/p>\n<p>Il a ainsi insist\u00e9 sur l\u2019importance d\u2019orienter l\u2019enseignement universitaire et la recherche scientifique vers les domaines de l\u2019administration et de l\u2019\u00e9conomie, afin de renforcer la comp\u00e9titivit\u00e9 et l\u2019int\u00e9gration de l\u2019\u00e9conomie du savoir, en tant que facteurs essentiels pour la r\u00e9alisation de la paix sociale, la lutte contre toutes les formes d\u2019exclusion et la r\u00e9duction du taux de ch\u00f4mage.<\/p>\n<p>De son c\u00f4t\u00e9, le pr\u00e9sident de l\u2019OAM, Driss Lagrini, a soulign\u00e9 que l\u2019employabilit\u00e9 demeure l\u2019une des pr\u00e9occupations majeures des pouvoirs publics dans les pays maghr\u00e9bins, estimant qu\u2019en d\u00e9pit des l\u00e9gislations y aff\u00e9rentes et des diff\u00e9rentes initiatives entreprises dans le cadre des politiques publiques, cette question se pose toujours avec acuit\u00e9 dans ces m\u00eames pays, eu \u00e9gard \u00e0 la croissance continue de la demande de travail par rapport \u00e0 l\u2019offre en la mati\u00e8re.<\/p>\n<p>M. Lagrini a, en outre, not\u00e9 que l\u2019organisation de ce colloque vise \u00e0 renforcer la communication entre les \u00e9lites maghr\u00e9bines fermement attach\u00e9es \u00e0 l\u2019option d\u2019int\u00e9gration et de groupement, et \u00e0 inciter les d\u00e9cideurs dans les pays de la r\u00e9gion \u00e0 favoriser la coop\u00e9ration et la coordination dans les diff\u00e9rents domaines ainsi que la mise en oeuvre des d\u00e9cisions et conventions conclues dans le cadre de l\u2019Union du Maghreb Arabe (UMA).<\/p>\n<p>Pour sa part, M. Zoubir Arous, enseignant \u00e0 l\u2019Universit\u00e9 d\u2019Alger 2, a fait remarquer que l\u2019ouverture du d\u00e9bat autour de cette th\u00e9matique cruciale offre l\u2019occasion pour faire la lumi\u00e8re sur l\u2019\u00e9tat des lieux de l\u2019employabilit\u00e9 dans les pays du Maghreb et sur les probl\u00e9matiques engendr\u00e9es par le ch\u00f4mage dans les rangs des jeunes, en g\u00e9n\u00e9ral, et des dipl\u00f4m\u00e9s, en particulier.<\/p>\n<p>Dans une d\u00e9claration \u00e0 la presse, M. Arous a mis l\u2019accent sur l\u2019importance de l\u2019\u00e9laboration de conclusions \u00e0 m\u00eame de favoriser un traitement sain et constructif de ce dossier et de permettre aux pays de la r\u00e9gion de mieux tirer profit de leur capital humain afin de r\u00e9aliser le d\u00e9veloppement souhait\u00e9.<\/p>\n<p>Le programme de cette rencontre pr\u00e9voit une s\u00e9rie de sessions anim\u00e9es par des enseignants, des experts et des acteurs des droits de l\u2019Homme, venus des diff\u00e9rents pays du Maghreb.<\/p>\n<p>\u00ab\u00a0L\u2019employabilit\u00e9 et les politiques publiques dans les pays du Maghreb\u00a0\u00bb, \u00ab\u00a0l\u2019employabilit\u00e9 et la paix sociale dans le contexte maghr\u00e9bin\u00a0\u00bb, \u00ab\u00a0le syst\u00e8me d\u2019\u00e9ducation et de formation professionnelle et les enjeux de l\u2019employabilit\u00e9\u00a0\u00bb, \u00ab\u00a0l\u2019\u00e9quation de l\u2019employabilit\u00e9, du ch\u00f4mage et de la fuite des cerveaux\u00a0\u00bb, \u00ab\u00a0les l\u00e9gislations dans les pays maghr\u00e9bins et les enjeux de l\u2019employabilit\u00e9 et de la croissance \u00e9conomique\u00a0\u00bb ainsi que \u00ab\u00a0le r\u00f4le de la r\u00e9gionalisation avanc\u00e9e dans la promotion de l\u2019emploi et l\u2019instauration de la paix sociale\u00a0\u00bb, sont autant de th\u00e8mes qui seront abord\u00e9s lors de ce colloque.<\/p>\n<\/div>\n<p>Auteur: Meriem IGASS<br \/>\n<a href=\"http:\/\/www.mapmarrakech.ma\/fr\/lemployabilite-et-la-paix-sociale-dans-les-pays-maghrebins-en-debats-a-marrakech\/\">Cliquez ici pour lire l&rsquo;article depuis sa source.<\/a><\/p>\n","protected":false},"excerpt":{"rendered":"<p>Marrakech \u2013 \u00ab\u00a0L\u2019employabilit\u00e9 et la paix sociale dans les pays maghr\u00e9bins\u00a0\u00bb est le th\u00e8me d\u2019un colloque organis\u00e9 vendredi \u00e0 Marrakech, avec la participation d\u2019un ar\u00e9opage de chercheurs, d\u2019experts et de professeurs universitaires. Initi\u00e9e par l\u2019Organisation de l\u2019Action Maghr\u00e9bine (OAM) en partenariat notamment avec la Fondation Hanns Seidel, le Laboratoire des \u00e9tudes juridiques, civiles et fonci\u00e8res [&hellip;]<\/p>\n","protected":false},"author":1788,"featured_media":0,"comment_status":"closed","ping_status":"closed","sticky":false,"template":"","format":"standard","meta":{"fifu_image_url":"","fifu_image_alt":"","footnotes":""},"categories":[54,76],"tags":[],"class_list":["post-76166","post","type-post","status-publish","format-standard","hentry","category-maroc","category-regions"],"_links":{"self":[{"href":"https:\/\/linitiative.ca\/International\/wp-json\/wp\/v2\/posts\/76166","targetHints":{"allow":["GET"]}}],"collection":[{"href":"https:\/\/linitiative.ca\/International\/wp-json\/wp\/v2\/posts"}],"about":[{"href":"https:\/\/linitiative.ca\/International\/wp-json\/wp\/v2\/types\/post"}],"author":[{"embeddable":true,"href":"https:\/\/linitiative.ca\/International\/wp-json\/wp\/v2\/users\/1788"}],"replies":[{"embeddable":true,"href":"https:\/\/linitiative.ca\/International\/wp-json\/wp\/v2\/comments?post=76166"}],"version-history":[{"count":0,"href":"https:\/\/linitiative.ca\/International\/wp-json\/wp\/v2\/posts\/76166\/revisions"}],"wp:attachment":[{"href":"https:\/\/linitiative.ca\/International\/wp-json\/wp\/v2\/media?parent=76166"}],"wp:term":[{"taxonomy":"category","embeddable":true,"href":"https:\/\/linitiative.ca\/International\/wp-json\/wp\/v2\/categories?post=76166"},{"taxonomy":"post_tag","embeddable":true,"href":"https:\/\/linitiative.ca\/International\/wp-json\/wp\/v2\/tags?post=76166"}],"curies":[{"name":"wp","href":"https:\/\/api.w.org\/{rel}","templated":true}]}}