{"id":76168,"date":"2020-02-15T09:12:53","date_gmt":"2020-02-15T14:12:53","guid":{"rendered":"https:\/\/linitiative.ca\/International\/m-amkraz-visite-deux-unites-industrielles-pionnieres\/"},"modified":"2020-02-15T09:12:53","modified_gmt":"2020-02-15T14:12:53","slug":"m-amkraz-visite-deux-unites-industrielles-pionnieres","status":"publish","type":"post","link":"https:\/\/linitiative.ca\/International\/m-amkraz-visite-deux-unites-industrielles-pionnieres\/","title":{"rendered":"M. Amkraz visite deux unit\u00e9s industrielles pionni\u00e8res"},"content":{"rendered":"<div readability=\"38\">\n<p>Safi \u2013 Le ministre du Travail et de l\u2019insertion professionnelle, Mohamed Amkraz a visit\u00e9, vendredi \u00e0 Safi, deux unit\u00e9s industrielles tr\u00e8s engag\u00e9es en mati\u00e8re de respect des conditions de travail, de s\u00e9curit\u00e9 et de promotion de la qualit\u00e9.<\/p>\n<\/div>\n<div readability=\"86\">\n<p>M. Amkraz a ainsi visit\u00e9 une unit\u00e9 de conservation des poissons relevant du groupe UNIMER, qui s\u2019est engag\u00e9e \u00e0 respecter, de fa\u00e7on continue, les exigences l\u00e9gales et r\u00e9glementaires marocaines et internationales li\u00e9es aux conditions de travail, de s\u00e9curit\u00e9, de sant\u00e9 et de formation des salari\u00e9s, ainsi que de salubrit\u00e9 et de qualit\u00e9.<\/p>\n<p>A noter que cette unit\u00e9 industrielle veille au respect des normes sociales, \u00e0 travers la mise en place d\u2019une infrastructure ad\u00e9quate compos\u00e9e notamment, d\u2019une cr\u00e8che pour les enfants des femmes salari\u00e9es, un service d\u00e9di\u00e9 \u00e0 la sant\u00e9 en milieu de travail, un r\u00e9fectoire et des vestiaires.<\/p>\n<p>La politique sociale de cette unit\u00e9 industrielle repose sur plusieurs axes, dont l\u2019association et la participation des salari\u00e9s aux actions de s\u00e9curit\u00e9 et de sant\u00e9 au travail et la concertation avec les organisations syndicales de repr\u00e9sentation des salari\u00e9s.<\/p>\n<p>Concernant la politique qualit\u00e9, cette unit\u00e9 industrielle s\u2019est engag\u00e9e dans le respect des normes en vigueur en la mati\u00e8re, le respect de l\u2019environnement et des r\u00e8gles d\u2019\u00e9thique et ce, dans une perspective de d\u00e9veloppement durable, de promotion de la qualit\u00e9 ainsi que de l\u2019authenticit\u00e9 des mati\u00e8res premi\u00e8res, outre l\u2019am\u00e9lioration continue par la formation.<\/p>\n<p>M. Amkraz a, par la suite, visit\u00e9 une seconde unit\u00e9 industrielle d\u00e9di\u00e9e au pl\u00e2tre et qui rel\u00e8ve du groupe \u00ab\u00a0La FARGE PLACO\u00a0\u00bb. Cette une unit\u00e9 pionni\u00e8re dans le respect de l\u2019environnement et des normes de sant\u00e9 et de s\u00e9curit\u00e9 au travail, offre \u00e0 ses salari\u00e9s et \u00e0 tous ceux qui sont concern\u00e9s par ses activit\u00e9s, un climat de travail sain et respectueux de l\u2019environnement.<\/p>\n<p>Dans une d\u00e9claration \u00e0 la MAP, M. Amkraz s\u2019est f\u00e9licit\u00e9 que cette unit\u00e9 industrielle n\u2019a jamais enregistr\u00e9 d\u2019accident de travail, ce qui fait d\u2019elle un mod\u00e8le en termes de pr\u00e9vention contre les accidents de travail.<\/p>\n<p>\u00ab\u00a0Notre pays est en cours d\u2019\u00e9laboration d\u2019une politique nationale de sant\u00e9 et de s\u00e9curit\u00e9 qui sera bas\u00e9e sur la pr\u00e9vention contre les accidents de travail, un fl\u00e9au consid\u00e9r\u00e9 comme ayant un grand co\u00fbt pour l\u2019\u00e9conomie nationale\u00a0\u00bb, a-t-il indiqu\u00e9.<\/p>\n<\/div>\n<p>Auteur: Meriem IGASS<br \/>\n<a href=\"http:\/\/www.mapmarrakech.ma\/fr\/m-amkraz-visite-deux-unites-industrielles-pionnieres\/\">Cliquez ici pour lire l&rsquo;article depuis sa source.<\/a><\/p>\n","protected":false},"excerpt":{"rendered":"<p>Safi \u2013 Le ministre du Travail et de l\u2019insertion professionnelle, Mohamed Amkraz a visit\u00e9, vendredi \u00e0 Safi, deux unit\u00e9s industrielles tr\u00e8s engag\u00e9es en mati\u00e8re de respect des conditions de travail, de s\u00e9curit\u00e9 et de promotion de la qualit\u00e9. M. Amkraz a ainsi visit\u00e9 une unit\u00e9 de conservation des poissons relevant du groupe UNIMER, qui s\u2019est [&hellip;]<\/p>\n","protected":false},"author":1788,"featured_media":0,"comment_status":"closed","ping_status":"closed","sticky":false,"template":"","format":"standard","meta":{"fifu_image_url":"","fifu_image_alt":"","footnotes":""},"categories":[54,76],"tags":[],"class_list":["post-76168","post","type-post","status-publish","format-standard","hentry","category-maroc","category-regions"],"_links":{"self":[{"href":"https:\/\/linitiative.ca\/International\/wp-json\/wp\/v2\/posts\/76168","targetHints":{"allow":["GET"]}}],"collection":[{"href":"https:\/\/linitiative.ca\/International\/wp-json\/wp\/v2\/posts"}],"about":[{"href":"https:\/\/linitiative.ca\/International\/wp-json\/wp\/v2\/types\/post"}],"author":[{"embeddable":true,"href":"https:\/\/linitiative.ca\/International\/wp-json\/wp\/v2\/users\/1788"}],"replies":[{"embeddable":true,"href":"https:\/\/linitiative.ca\/International\/wp-json\/wp\/v2\/comments?post=76168"}],"version-history":[{"count":0,"href":"https:\/\/linitiative.ca\/International\/wp-json\/wp\/v2\/posts\/76168\/revisions"}],"wp:attachment":[{"href":"https:\/\/linitiative.ca\/International\/wp-json\/wp\/v2\/media?parent=76168"}],"wp:term":[{"taxonomy":"category","embeddable":true,"href":"https:\/\/linitiative.ca\/International\/wp-json\/wp\/v2\/categories?post=76168"},{"taxonomy":"post_tag","embeddable":true,"href":"https:\/\/linitiative.ca\/International\/wp-json\/wp\/v2\/tags?post=76168"}],"curies":[{"name":"wp","href":"https:\/\/api.w.org\/{rel}","templated":true}]}}