{"id":76169,"date":"2020-02-15T10:36:40","date_gmt":"2020-02-15T15:36:40","guid":{"rendered":"https:\/\/linitiative.ca\/International\/le-maroc-prevoit-un-taux-de-couverture-medicale-de-90-en-2025\/"},"modified":"2020-02-15T10:36:40","modified_gmt":"2020-02-15T15:36:40","slug":"le-maroc-prevoit-un-taux-de-couverture-medicale-de-90-en-2025","status":"publish","type":"post","link":"https:\/\/linitiative.ca\/International\/le-maroc-prevoit-un-taux-de-couverture-medicale-de-90-en-2025\/","title":{"rendered":"Le Maroc pr\u00e9voit un taux de couverture m\u00e9dicale de 90% en 2025"},"content":{"rendered":"<div readability=\"38\">\n<p>Safi \u2013 Le Maroc travaille depuis des ann\u00e9es et de fa\u00e7on progressive sur la question de la couverture m\u00e9dicale et sociale des travailleurs ind\u00e9pendants et des personnes non-salari\u00e9es exer\u00e7ant une profession lib\u00e9rale, a indiqu\u00e9 vendredi \u00e0 Safi, le ministre du Travail et de l\u2019insertion professionnelle, Mohamed Amkraz.<\/p>\n<\/div>\n<div readability=\"75\">\n<p>M. Amkraz, qui animait une conf\u00e9rence sous le th\u00e8me \u00ab\u00a0la couverture m\u00e9dicale et sociale des travailleurs ind\u00e9pendants\u00a0\u00bb,\u00a0a fait savoir que la question de la couverture m\u00e9dicale et sociale de cette cat\u00e9gorie repr\u00e9sente un engagement gouvernemental et un chantier national sur lequel, le Royaume travaille depuis des ann\u00e9es et de fa\u00e7on progressive.<\/p>\n<p>Dans ce cadre, le ministre a relev\u00e9 que le Royaume pr\u00e9voit d\u2019atteindre un taux de couverture m\u00e9dicale de 90% \u00e0 l\u2019horizon 2025, contre 64% actuellement, relevant que les d\u00e9crets relatifs \u00e0 la couverture m\u00e9dicale et sociale de la cat\u00e9gorie des adouls et des kin\u00e9sith\u00e9rapeutes entreront en vigueur d\u00e9but mars prochain.<\/p>\n<p>Dans ce contexte, M. Amkraz a indiqu\u00e9 que le gouvernement, apr\u00e8s des consultations men\u00e9es avec ces deux cat\u00e9gories de professionnels, a fix\u00e9 les taux de cotisations \u00e0 1,9% du revenu forfaitaire sur la base d\u2019un salaire mensuelle fix\u00e9 \u00e0 5.000 DH.<\/p>\n<p>Le gouvernement est en n\u00e9gociation avanc\u00e9e avec plusieurs autres cat\u00e9gories de travailleurs ind\u00e9pendants, dont les agriculteurs ainsi que les chauffeurs de taxis qui repr\u00e9sentent 150.000 personnes, a-t-il ajout\u00e9, soulignant que pr\u00e8s de 44 cat\u00e9gories de travailleurs ind\u00e9pendants sont concern\u00e9es par la couverture m\u00e9dicale et sociale.<\/p>\n<p>Par la m\u00eame occasion, le ministre a tenu \u00e0 pr\u00e9ciser que le point nodal des n\u00e9gociations avec les travailleurs ind\u00e9pendants concerne le revenu forfaitaire qui constitue la base des cotisations pour chaque cat\u00e9gorie, notant que cette rencontre fait partie de l\u2019\u00e9tape destin\u00e9e \u00e0 sensibiliser et \u00e0 faire connaitre ce syst\u00e8me afin de parvenir \u00e0 attirer le plus grand nombre de travailleurs ind\u00e9pendants.<\/p>\n<p>Cette conf\u00e9rence, rappelle-t-on, a \u00e9t\u00e9 organis\u00e9e par la F\u00e9d\u00e9ration provinciale des associations de Safi et le secr\u00e9tariat provincial de l\u2019Espace marocain des professionnels de la cit\u00e9 de l\u2019Oc\u00e9an.<\/p>\n<\/div>\n<p>Auteur: Meriem IGASS<br \/>\n<a href=\"http:\/\/www.mapmarrakech.ma\/fr\/le-maroc-prevoit-un-taux-de-couverture-medicale-de-90-en-2025\/\">Cliquez ici pour lire l&rsquo;article depuis sa source.<\/a><\/p>\n","protected":false},"excerpt":{"rendered":"<p>Safi \u2013 Le Maroc travaille depuis des ann\u00e9es et de fa\u00e7on progressive sur la question de la couverture m\u00e9dicale et sociale des travailleurs ind\u00e9pendants et des personnes non-salari\u00e9es exer\u00e7ant une profession lib\u00e9rale, a indiqu\u00e9 vendredi \u00e0 Safi, le ministre du Travail et de l\u2019insertion professionnelle, Mohamed Amkraz. M. Amkraz, qui animait une conf\u00e9rence sous le [&hellip;]<\/p>\n","protected":false},"author":1788,"featured_media":0,"comment_status":"closed","ping_status":"closed","sticky":false,"template":"","format":"standard","meta":{"fifu_image_url":"","fifu_image_alt":"","footnotes":""},"categories":[54,76],"tags":[],"class_list":["post-76169","post","type-post","status-publish","format-standard","hentry","category-maroc","category-regions"],"_links":{"self":[{"href":"https:\/\/linitiative.ca\/International\/wp-json\/wp\/v2\/posts\/76169","targetHints":{"allow":["GET"]}}],"collection":[{"href":"https:\/\/linitiative.ca\/International\/wp-json\/wp\/v2\/posts"}],"about":[{"href":"https:\/\/linitiative.ca\/International\/wp-json\/wp\/v2\/types\/post"}],"author":[{"embeddable":true,"href":"https:\/\/linitiative.ca\/International\/wp-json\/wp\/v2\/users\/1788"}],"replies":[{"embeddable":true,"href":"https:\/\/linitiative.ca\/International\/wp-json\/wp\/v2\/comments?post=76169"}],"version-history":[{"count":0,"href":"https:\/\/linitiative.ca\/International\/wp-json\/wp\/v2\/posts\/76169\/revisions"}],"wp:attachment":[{"href":"https:\/\/linitiative.ca\/International\/wp-json\/wp\/v2\/media?parent=76169"}],"wp:term":[{"taxonomy":"category","embeddable":true,"href":"https:\/\/linitiative.ca\/International\/wp-json\/wp\/v2\/categories?post=76169"},{"taxonomy":"post_tag","embeddable":true,"href":"https:\/\/linitiative.ca\/International\/wp-json\/wp\/v2\/tags?post=76169"}],"curies":[{"name":"wp","href":"https:\/\/api.w.org\/{rel}","templated":true}]}}