{"id":76170,"date":"2020-02-15T03:45:21","date_gmt":"2020-02-15T08:45:21","guid":{"rendered":"https:\/\/linitiative.ca\/International\/bechar-le-dispositif-de-surveillance-et-dintervention-contre-le-criquet-pelerin-actif\/"},"modified":"2020-02-15T03:45:21","modified_gmt":"2020-02-15T08:45:21","slug":"bechar-le-dispositif-de-surveillance-et-dintervention-contre-le-criquet-pelerin-actif","status":"publish","type":"post","link":"https:\/\/linitiative.ca\/International\/bechar-le-dispositif-de-surveillance-et-dintervention-contre-le-criquet-pelerin-actif\/","title":{"rendered":"Bechar: le dispositif de surveillance et d&rsquo;intervention contre le criquet p\u00e8lerin actif"},"content":{"rendered":"<div readability=\"35\">\n<p><strong>BECHAR &#8211; Le dispositif mobile de surveillance et d\u2019intervention contre le criquet p\u00e8lerin est actuellement actif \u00e0 travers la r\u00e9gion de Bechar, a-t-on appris samedi des responsables de l\u2019inspection de protection des v\u00e9g\u00e9taux de la Direction des services agricole (DSA).<\/strong><\/p>\n<\/div>\n<div readability=\"87.3157244362\">\n<p>\u00ab\u00a0Ce dispositif est compos\u00e9 d\u2019une \u00e9quipe terrestre de prospection et une autre d\u2019intervention directe dans une zone de 800 ha qui renferme des conditions \u00e9cologiques favorables \u00e0 l\u2019apparition du criquet p\u00e8lerin\u00a0\u00bb, a pr\u00e9cis\u00e9 \u00e0 l\u2019APS Youcef Bencherifi.<\/p>\n<blockquote readability=\"10\">\n<p><em><strong>\u00ab\u00a0Mis en place depuis plus de deux (2) mois par l\u2019Institut national de protection des v\u00e9g\u00e9taux (INPV), ce dispositif qui est aussi \u00e9quip\u00e9 d\u2019un syst\u00e8me de communication par radio, n\u2019a d\u00e9tect\u00e9 aucune pr\u00e9sence \u00e0 ce jour de criquet p\u00e8lerin \u00e0 travers la r\u00e9gion\u00a0\u00bb , a-t-il dit.<\/strong><\/em><\/p>\n<\/blockquote>\n<p>\u00ab\u00a0Ce dispositif qui s\u2019inscrit au titre de la strat\u00e9gie de surveillance et de lutte antiacridien de l\u2019Alg\u00e9rie pourra a tout moment \u00eatre renforc\u00e9 dans le cadre de cette strat\u00e9gie\u00a0\u00bb, a d\u00e9clar\u00e9 M. Bencherfi, qui \u00a0\u00bbd\u00e9plore le peu de moyens mobiles dont dispose son inspection au titre de ses pr\u00e9rogatives de protection des v\u00e9g\u00e9taux \u00e0 travers l\u2019ensemble du territoire de la wilaya de Bechar\u00a0\u00bb.<\/p>\n<p>De son c\u00f4t\u00e9 l\u2019institut national de protection des v\u00e9g\u00e9taux (INPV), \u00e0 travers sa page officielle sur internet, signale que la campagne estivo-automnale de surveillance et d\u2019intervention contre le criquet p\u00e8lerin qui a \u00e9t\u00e9 cl\u00f4tur\u00e9e le 20 d\u00e9cembre 2019, a fonctionn\u00e9 avec un dispositif de surveillance et de lutte compos\u00e9 de 12 \u00e9quipes dont 2 \u00e9quipes a\u00e9riennes d\u00e9ploy\u00e9es au niveau des zones de reproduction et du d\u00e9veloppement des criquets.<\/p>\n<blockquote readability=\"16\">\n<p><em><strong>Sur le plan \u00e9cologique, les prospections r\u00e9alis\u00e9es durant (4) mois au niveau des secteurs du Hoggar, In Guezzam, Tin Zaouatine, Bordj Badji Mokhtar, Aoulef, Reggane, In Salah, Illizi et Djanet ont montr\u00e9 que les conditions \u00e9cologiques install\u00e9es d\u00e8s les premi\u00e8res pluies estivales persistent \u00e0 ce jour favorables au niveau de la majorit\u00e9 des secteurs visit\u00e9s.<\/strong><\/em><\/p>\n<\/blockquote>\n<hr\/>\n<h3>Lire aussi:\u00a0<a href=\"http:\/\/www.aps.dz\/economie\/92557-fleaux-agricoles-la-maitrise-de-la-lutte-biologique-une-priorite-nationale\" target=\"_blank\" rel=\"noopener noreferrer\">Fl\u00e9aux agricoles: la ma\u00eetrise de la lutte biologique, une priorit\u00e9 nationale<\/a><\/h3>\n<hr\/>\n<p>En effet, un tapis v\u00e9g\u00e9tal diversifi\u00e9 compos\u00e9 de plantes annuelles et p\u00e9rennes est bien d\u00e9velopp\u00e9 notamment au niveau des principaux oueds touch\u00e9s par les \u00e9coulements et aux p\u00e9rim\u00e8tres agricoles, selon le m\u00eame site de l\u2019INPV.<\/p>\n<p>Les investigations r\u00e9alis\u00e9es sur une superficie globale de 112 648 ha dont 68 600 ha par voie a\u00e9rienne, ont permis de signaler des pr\u00e9sences acridiennes sous forme d\u2019ail\u00e9s et de larves solitaires.<\/p>\n<p>Les \u00e9quipes op\u00e9rant au niveau des wilayas frontali\u00e8res de Tamanrasset, Adrar ont r\u00e9alis\u00e9 des interventions pr\u00e9ventives contre les pr\u00e9sences acridiennes sur une superficie globale de 856 ha, a-t-on expliqu\u00e9.<\/p>\n<blockquote readability=\"10\">\n<p><em><strong>Les pr\u00e9visions de l\u2019INPV en mati\u00e8re de criquet p\u00e8lerin indiquent, que les principaux biotopes naturels abritant les conditions favorables de reproduction et de d\u00e9veloppement des criquets situ\u00e9s entre la bande de l\u2019extr\u00eame sud et le Hoggar, abritent actuellement un potentiel acridien important \u00e0 l\u2019\u00e9tat dispers\u00e9.<\/strong><\/em><\/p>\n<\/blockquote>\n<p>Par ailleurs, ce potentiel acridien pourrait se concentrer apr\u00e8s dess\u00e8chement de la v\u00e9g\u00e9tation et constituer des petits groupes denses d\u2019ail\u00e9s immatures.<\/p>\n<p>Les p\u00e9rim\u00e8tres agricoles irrigu\u00e9s du Sahara central pourraient aussi constituer des microclimats favorables \u00e0 la reproduction des populations acridiennes s\u00e9dentaires, selon ce site officiel de l\u2019INPV.<\/p>\n<\/div>\n<p>Auteur:<br \/>\n<a href=\"http:\/\/www.aps.dz\/regions\/101646-bechar-le-dispositif-de-surveillance-et-d-intervention-contre-le-criquet-pelerin-actif\">Cliquez ici pour lire l&rsquo;article depuis sa source.<\/a><\/p>\n","protected":false},"excerpt":{"rendered":"<p>BECHAR &#8211; Le dispositif mobile de surveillance et d\u2019intervention contre le criquet p\u00e8lerin est actuellement actif \u00e0 travers la r\u00e9gion de Bechar, a-t-on appris samedi des responsables de l\u2019inspection de protection des v\u00e9g\u00e9taux de la Direction des services agricole (DSA). \u00ab\u00a0Ce dispositif est compos\u00e9 d\u2019une \u00e9quipe terrestre de prospection et une autre d\u2019intervention directe dans [&hellip;]<\/p>\n","protected":false},"author":1790,"featured_media":0,"comment_status":"closed","ping_status":"closed","sticky":false,"template":"","format":"standard","meta":{"fifu_image_url":"","fifu_image_alt":"","footnotes":""},"categories":[53,76],"tags":[],"class_list":["post-76170","post","type-post","status-publish","format-standard","hentry","category-algerie","category-regions"],"_links":{"self":[{"href":"https:\/\/linitiative.ca\/International\/wp-json\/wp\/v2\/posts\/76170","targetHints":{"allow":["GET"]}}],"collection":[{"href":"https:\/\/linitiative.ca\/International\/wp-json\/wp\/v2\/posts"}],"about":[{"href":"https:\/\/linitiative.ca\/International\/wp-json\/wp\/v2\/types\/post"}],"author":[{"embeddable":true,"href":"https:\/\/linitiative.ca\/International\/wp-json\/wp\/v2\/users\/1790"}],"replies":[{"embeddable":true,"href":"https:\/\/linitiative.ca\/International\/wp-json\/wp\/v2\/comments?post=76170"}],"version-history":[{"count":0,"href":"https:\/\/linitiative.ca\/International\/wp-json\/wp\/v2\/posts\/76170\/revisions"}],"wp:attachment":[{"href":"https:\/\/linitiative.ca\/International\/wp-json\/wp\/v2\/media?parent=76170"}],"wp:term":[{"taxonomy":"category","embeddable":true,"href":"https:\/\/linitiative.ca\/International\/wp-json\/wp\/v2\/categories?post=76170"},{"taxonomy":"post_tag","embeddable":true,"href":"https:\/\/linitiative.ca\/International\/wp-json\/wp\/v2\/tags?post=76170"}],"curies":[{"name":"wp","href":"https:\/\/api.w.org\/{rel}","templated":true}]}}