{"id":76171,"date":"2020-02-15T11:40:38","date_gmt":"2020-02-15T16:40:38","guid":{"rendered":"https:\/\/linitiative.ca\/International\/le-village-ezzaouia-chechar-commemore-le-64e-anniversaire-de-la-bataille-asfour\/"},"modified":"2020-02-15T11:40:38","modified_gmt":"2020-02-15T16:40:38","slug":"le-village-ezzaouia-chechar-commemore-le-64e-anniversaire-de-la-bataille-asfour","status":"publish","type":"post","link":"https:\/\/linitiative.ca\/International\/le-village-ezzaouia-chechar-commemore-le-64e-anniversaire-de-la-bataille-asfour\/","title":{"rendered":"Le village Ezzaou\u00efa (Chechar) comm\u00e9more le 64\u00e8 anniversaire de la bataille Asfour"},"content":{"rendered":"<p><span class=\"sp-nh-title\">Le Pr\u00e9sident Tebboune proc\u00e8de \u00e0 un mouvement des secr\u00e9taires g\u00e9n\u00e9raux de wilayas<\/span> &#8211; <span class=\"sp-nh-date\">samedi 15 f\u00e9vrier 2020 19:35<\/span><\/p>\n<p><span class=\"sp-nh-title\">Plan d&rsquo;action du Gouvernement: Une politique ext\u00e9rieure ax\u00e9e sur la diplomatie proactive<\/span> &#8211; <span class=\"sp-nh-date\">samedi 15 f\u00e9vrier 2020 19:16<\/span><\/p>\n<p><span class=\"sp-nh-title\">Appel \u00e0 la mise en \u0153uvre du Plan d&rsquo;action du Gouvernement dans des d\u00e9lais pr\u00e9cis<\/span> &#8211; <span class=\"sp-nh-date\">samedi 15 f\u00e9vrier 2020 19:08<\/span><\/p>\n<p><span class=\"sp-nh-title\">Conseil de la nation: appel \u00e0 des r\u00e9formes profondes dans le secteur financier et fiscal<\/span> &#8211; <span class=\"sp-nh-date\">samedi 15 f\u00e9vrier 2020 19:00<\/span><\/p>\n<p><span class=\"sp-nh-title\">Relance de l&rsquo;\u00e9conomie nationale par une approche en totale rupture avec les anciennes pratiques\u00a0<\/span> &#8211; <span class=\"sp-nh-date\">samedi 15 f\u00e9vrier 2020 18:50<\/span><\/p>\n<p><span class=\"sp-nh-title\">Le FLN a \u00e9labor\u00e9 ses propositions sur l\u2019amendement de la Constitution (Seddiki)<\/span> &#8211; <span class=\"sp-nh-date\">samedi 15 f\u00e9vrier 2020 18:48<\/span><\/p>\n<p><span class=\"sp-nh-title\">A l\u2019ONU, l&rsquo;ambassadeur Mimouni expose les acquis de l\u2019Alg\u00e9rie dans le domaine de l\u2019habitat<\/span> &#8211; <span class=\"sp-nh-date\">samedi 15 f\u00e9vrier 2020 18:28<\/span><\/p>\n<p><span class=\"sp-nh-title\">Il faut donner le temps n\u00e9cessaire au nouveau Gouvernement avant de le Juger (Reba\u00efne)<\/span> &#8211; <span class=\"sp-nh-date\">samedi 15 f\u00e9vrier 2020 17:57<\/span><\/p>\n<p><span class=\"sp-nh-title\">Messaitfa: un syst\u00e8me de vigilance l\u00e9gislative pour l&rsquo;Alg\u00e9rie \u00e0 l&rsquo;horizon 2035<\/span> &#8211; <span class=\"sp-nh-date\">samedi 15 f\u00e9vrier 2020 17:48<\/span><\/p>\n<p><span class=\"sp-nh-title\">Le village Ezzaou\u00efa (Chechar) comm\u00e9more le 64\u00e8 anniversaire de la bataille Asfour<\/span> &#8211; <span class=\"sp-nh-date\">samedi 15 f\u00e9vrier 2020 17:40<\/span><\/p>\n<p><span class=\"sp-nh-title\">Djerad: le Pr\u00e9sident de la R\u00e9publique et le Gouvernement d\u00e9termin\u00e9s \u00e0 mettre l&rsquo;Alg\u00e9rie \u00e0 l&rsquo;abri de tous les dangers<\/span> &#8211; <span class=\"sp-nh-date\">samedi 15 f\u00e9vrier 2020 17:20<\/span><\/p>\n<p><span class=\"sp-nh-title\">Adrar: M. Touati appelle \u00e0 impliquer les jeunes aux efforts du d\u00e9veloppement<\/span> &#8211; <span class=\"sp-nh-date\">samedi 15 f\u00e9vrier 2020 17:07<\/span><\/p>\n<p><span class=\"sp-nh-title\">Cr\u00e9ation de la F\u00e9d\u00e9ration alg\u00e9rienne de koshiki: exhibitions inaugurales \u00e0 Alger<\/span> &#8211; <span class=\"sp-nh-date\">samedi 15 f\u00e9vrier 2020 17:00<\/span><\/p>\n<p><span class=\"sp-nh-title\">Criminalit\u00e9: arrestation de plus de 4300 individus en janvier dans la wilaya d&rsquo;Alger<\/span> &#8211; <span class=\"sp-nh-date\">samedi 15 f\u00e9vrier 2020 16:52<\/span><\/p>\n<p><span class=\"sp-nh-title\">Les chantiers ouverts par le Pr\u00e9sident Tebboune susceptibles de sortir l&rsquo;Alg\u00e9rie de la crise\u00a0<\/span> &#8211; <span class=\"sp-nh-date\">samedi 15 f\u00e9vrier 2020 16:48<\/span><\/p>\n<p><span class=\"sp-nh-title\">Financement de l&rsquo;investissement: N\u00e9cessit\u00e9 de revoir la politique de l\u2019octroi des cr\u00e9dits<\/span> &#8211; <span class=\"sp-nh-date\">samedi 15 f\u00e9vrier 2020 16:31<\/span><\/p>\n<p><span class=\"sp-nh-title\">Cyclisme\/ cadets : Belabsi Akram remporte la 2e \u00e9tape de l\u2019\u00e9preuve sur route<\/span> &#8211; <span class=\"sp-nh-date\">samedi 15 f\u00e9vrier 2020 16:25<\/span><\/p>\n<p><span class=\"sp-nh-title\">L&rsquo;intergroupe europ\u00e9en, une r\u00e9alisation importante pour le peuple sahraoui<\/span> &#8211; <span class=\"sp-nh-date\">samedi 15 f\u00e9vrier 2020 16:06<\/span><\/p>\n<p><span class=\"sp-nh-title\">L&rsquo;inobservation du communiqu\u00e9 relatif \u00e0 l&rsquo;information officielle, une obstination \u00e0 propager des informations mensong\u00e8res<\/span> &#8211; <span class=\"sp-nh-date\">samedi 15 f\u00e9vrier 2020 15:44<\/span><\/p>\n<p><span class=\"sp-nh-title\">Tiwizi en Kabylie : les chants des cueilleuses d\u2019olives, un patrimoine \u00e0 sauvegarder<\/span> &#8211; <span class=\"sp-nh-date\">samedi 15 f\u00e9vrier 2020 15:07<\/span><\/p>\n<p>Auteur:<br \/>\n<a href=\"http:\/\/www.aps.dz\/regions\/101669-khenchela-le-village-ezzaouia-chechar-commemore-le-64eme-de-la-bataille-asfour\">Cliquez ici pour lire l&rsquo;article depuis sa source.<\/a><\/p>\n","protected":false},"excerpt":{"rendered":"<p>Le Pr\u00e9sident Tebboune proc\u00e8de \u00e0 un mouvement des secr\u00e9taires g\u00e9n\u00e9raux de wilayas &#8211; samedi 15 f\u00e9vrier 2020 19:35 Plan d&rsquo;action du Gouvernement: Une politique ext\u00e9rieure ax\u00e9e sur la diplomatie proactive &#8211; samedi 15 f\u00e9vrier 2020 19:16 Appel \u00e0 la mise en \u0153uvre du Plan d&rsquo;action du Gouvernement dans des d\u00e9lais pr\u00e9cis &#8211; samedi 15 f\u00e9vrier [&hellip;]<\/p>\n","protected":false},"author":1790,"featured_media":0,"comment_status":"closed","ping_status":"closed","sticky":false,"template":"","format":"standard","meta":{"fifu_image_url":"","fifu_image_alt":"","footnotes":""},"categories":[53,76],"tags":[],"class_list":["post-76171","post","type-post","status-publish","format-standard","hentry","category-algerie","category-regions"],"_links":{"self":[{"href":"https:\/\/linitiative.ca\/International\/wp-json\/wp\/v2\/posts\/76171","targetHints":{"allow":["GET"]}}],"collection":[{"href":"https:\/\/linitiative.ca\/International\/wp-json\/wp\/v2\/posts"}],"about":[{"href":"https:\/\/linitiative.ca\/International\/wp-json\/wp\/v2\/types\/post"}],"author":[{"embeddable":true,"href":"https:\/\/linitiative.ca\/International\/wp-json\/wp\/v2\/users\/1790"}],"replies":[{"embeddable":true,"href":"https:\/\/linitiative.ca\/International\/wp-json\/wp\/v2\/comments?post=76171"}],"version-history":[{"count":0,"href":"https:\/\/linitiative.ca\/International\/wp-json\/wp\/v2\/posts\/76171\/revisions"}],"wp:attachment":[{"href":"https:\/\/linitiative.ca\/International\/wp-json\/wp\/v2\/media?parent=76171"}],"wp:term":[{"taxonomy":"category","embeddable":true,"href":"https:\/\/linitiative.ca\/International\/wp-json\/wp\/v2\/categories?post=76171"},{"taxonomy":"post_tag","embeddable":true,"href":"https:\/\/linitiative.ca\/International\/wp-json\/wp\/v2\/tags?post=76171"}],"curies":[{"name":"wp","href":"https:\/\/api.w.org\/{rel}","templated":true}]}}