{"id":76172,"date":"2020-02-15T15:14:23","date_gmt":"2020-02-15T20:14:23","guid":{"rendered":"https:\/\/linitiative.ca\/International\/pros-ac-milan-bennacer-fixe-ses-objectifs-avec-les-rossoneri\/"},"modified":"2020-02-15T15:14:23","modified_gmt":"2020-02-15T20:14:23","slug":"pros-ac-milan-bennacer-fixe-ses-objectifs-avec-les-rossoneri","status":"publish","type":"post","link":"https:\/\/linitiative.ca\/International\/pros-ac-milan-bennacer-fixe-ses-objectifs-avec-les-rossoneri\/","title":{"rendered":"Pros : AC Milan: Bennacer fixe ses objectifs avec les Rossoneri"},"content":{"rendered":"<div readability=\"32\">\n<p>Auteur : <span>Riad O.<\/span> <span class=\"time\">samedi 15 f\u00e9vrier 2020 18:10<\/span><\/p>\n<\/div>\n<div id=\"post_core\" readability=\"38\">\n<p>Le joueur milieu de terrain Alg\u00e9rien de l\u2019AC Milan, Isma\u00ebl Bennacer a \u00e9voqu\u00e9 ses objectifs pour cette saison sportive 2019\/2020\u00a0:\u00a0\u00abNous voulons r\u00e9colter le maximum de points afin d\u2019am\u00e9liorer notre classement.\u00bba-t-il d\u00e9clar\u00e9 \u00e0 SkySports, avant d\u2019ajouter\u00a0:\u00a0\u00abBien sur que nous voulons donner le meilleur de nous-m\u00eames, afin de d\u00e9crocher une place qualificatif pour la Ligue des champions.\u00bb<\/p>\n<p><strong>Publi\u00e9 dans :<\/strong> <span>BENNACER<\/span><\/p>\n<\/div>\n<p>Auteur:<br \/>\n<a href=\"http:\/\/www.lebuteur.com\/article\/detail?titre=ac-milan-bennacer-fixe-ses-objectifs-avec-les-rossoneri&#038;id=94819&#038;utm_source=feedburner&#038;utm_medium=feed&#038;utm_campaign=Feed%3A+GalerieFArtciles+%28Les+derniers+articles++-+lebuteur.com%29\">Cliquez ici pour lire l&rsquo;article depuis sa source.<\/a><\/p>\n","protected":false},"excerpt":{"rendered":"<p>Auteur : Riad O. samedi 15 f\u00e9vrier 2020 18:10 Le joueur milieu de terrain Alg\u00e9rien de l\u2019AC Milan, Isma\u00ebl Bennacer a \u00e9voqu\u00e9 ses objectifs pour cette saison sportive 2019\/2020\u00a0:\u00a0\u00abNous voulons r\u00e9colter le maximum de points afin d\u2019am\u00e9liorer notre classement.\u00bba-t-il d\u00e9clar\u00e9 \u00e0 SkySports, avant d\u2019ajouter\u00a0:\u00a0\u00abBien sur que nous voulons donner le meilleur de nous-m\u00eames, afin de [&hellip;]<\/p>\n","protected":false},"author":1738,"featured_media":76173,"comment_status":"closed","ping_status":"closed","sticky":false,"template":"","format":"standard","meta":{"fifu_image_url":"","fifu_image_alt":"","footnotes":""},"categories":[53,75],"tags":[],"class_list":["post-76172","post","type-post","status-publish","format-standard","has-post-thumbnail","hentry","category-algerie","category-sport"],"_links":{"self":[{"href":"https:\/\/linitiative.ca\/International\/wp-json\/wp\/v2\/posts\/76172","targetHints":{"allow":["GET"]}}],"collection":[{"href":"https:\/\/linitiative.ca\/International\/wp-json\/wp\/v2\/posts"}],"about":[{"href":"https:\/\/linitiative.ca\/International\/wp-json\/wp\/v2\/types\/post"}],"author":[{"embeddable":true,"href":"https:\/\/linitiative.ca\/International\/wp-json\/wp\/v2\/users\/1738"}],"replies":[{"embeddable":true,"href":"https:\/\/linitiative.ca\/International\/wp-json\/wp\/v2\/comments?post=76172"}],"version-history":[{"count":0,"href":"https:\/\/linitiative.ca\/International\/wp-json\/wp\/v2\/posts\/76172\/revisions"}],"wp:featuredmedia":[{"embeddable":true,"href":"https:\/\/linitiative.ca\/International\/wp-json\/"}],"wp:attachment":[{"href":"https:\/\/linitiative.ca\/International\/wp-json\/wp\/v2\/media?parent=76172"}],"wp:term":[{"taxonomy":"category","embeddable":true,"href":"https:\/\/linitiative.ca\/International\/wp-json\/wp\/v2\/categories?post=76172"},{"taxonomy":"post_tag","embeddable":true,"href":"https:\/\/linitiative.ca\/International\/wp-json\/wp\/v2\/tags?post=76172"}],"curies":[{"name":"wp","href":"https:\/\/api.w.org\/{rel}","templated":true}]}}