{"id":76174,"date":"2020-02-15T15:14:26","date_gmt":"2020-02-15T20:14:26","guid":{"rendered":"https:\/\/linitiative.ca\/International\/pros-medjani-tres-touche-par-les-mots-de-zetchi\/"},"modified":"2020-02-15T15:14:26","modified_gmt":"2020-02-15T20:14:26","slug":"pros-medjani-tres-touche-par-les-mots-de-zetchi","status":"publish","type":"post","link":"https:\/\/linitiative.ca\/International\/pros-medjani-tres-touche-par-les-mots-de-zetchi\/","title":{"rendered":"Pros : Medjani : \u00abTr\u00e8s touch\u00e9 par les mots de Zetchi\u00bb"},"content":{"rendered":"<div readability=\"32\">\n<p>Auteur : <span>Riad O.<\/span> <span class=\"time\">samedi 15 f\u00e9vrier 2020 18:11<\/span><\/p>\n<\/div>\n<div id=\"post_core\" readability=\"41\">\n<p>L\u2019ancien capitaine de l\u2019EN, Carl Medjani a r\u00e9agit \u00e0 la derni\u00e8re sortie m\u00e9diatique du pr\u00e9sident de la FAF, Khe\u00efreddine Zetchi. Ce dernier lui avait rendu hommage apr\u00e8s qu\u2019il ait annonc\u00e9 sa retraite internationale. Via son compte Twitter, Medjani s\u2019est dit tr\u00e8s touch\u00e9 par les mots de Zetchi:\u00a0\u00abJe suis tr\u00e8s touch\u00e9 par ces mots Pr\u00e9sident, merci. \u00c7a a \u00e9t\u00e9 un plaisir, un devoir, un honneur de d\u00e9fendre ce maillot toutes ces ann\u00e9es. Je suis le 1er supporter des Verts et serai toujours dispo pour l\u2019EN.\u00bb a-t-il twitt\u00e9.<\/p>\n<p><strong>Publi\u00e9 dans :<\/strong> <span>Zetchi<\/span><\/p>\n<\/div>\n<p>Auteur:<br \/>\n<a href=\"http:\/\/www.lebuteur.com\/article\/detail?titre=medjani-tres-touche-par-les-mots-de-zetchi&#038;id=94820&#038;utm_source=feedburner&#038;utm_medium=feed&#038;utm_campaign=Feed%3A+GalerieFArtciles+%28Les+derniers+articles++-+lebuteur.com%29\">Cliquez ici pour lire l&rsquo;article depuis sa source.<\/a><\/p>\n","protected":false},"excerpt":{"rendered":"<p>Auteur : Riad O. samedi 15 f\u00e9vrier 2020 18:11 L\u2019ancien capitaine de l\u2019EN, Carl Medjani a r\u00e9agit \u00e0 la derni\u00e8re sortie m\u00e9diatique du pr\u00e9sident de la FAF, Khe\u00efreddine Zetchi. Ce dernier lui avait rendu hommage apr\u00e8s qu\u2019il ait annonc\u00e9 sa retraite internationale. Via son compte Twitter, Medjani s\u2019est dit tr\u00e8s touch\u00e9 par les mots de [&hellip;]<\/p>\n","protected":false},"author":1738,"featured_media":76175,"comment_status":"closed","ping_status":"closed","sticky":false,"template":"","format":"standard","meta":{"fifu_image_url":"","fifu_image_alt":"","footnotes":""},"categories":[53,75],"tags":[],"class_list":["post-76174","post","type-post","status-publish","format-standard","has-post-thumbnail","hentry","category-algerie","category-sport"],"_links":{"self":[{"href":"https:\/\/linitiative.ca\/International\/wp-json\/wp\/v2\/posts\/76174","targetHints":{"allow":["GET"]}}],"collection":[{"href":"https:\/\/linitiative.ca\/International\/wp-json\/wp\/v2\/posts"}],"about":[{"href":"https:\/\/linitiative.ca\/International\/wp-json\/wp\/v2\/types\/post"}],"author":[{"embeddable":true,"href":"https:\/\/linitiative.ca\/International\/wp-json\/wp\/v2\/users\/1738"}],"replies":[{"embeddable":true,"href":"https:\/\/linitiative.ca\/International\/wp-json\/wp\/v2\/comments?post=76174"}],"version-history":[{"count":0,"href":"https:\/\/linitiative.ca\/International\/wp-json\/wp\/v2\/posts\/76174\/revisions"}],"wp:featuredmedia":[{"embeddable":true,"href":"https:\/\/linitiative.ca\/International\/wp-json\/"}],"wp:attachment":[{"href":"https:\/\/linitiative.ca\/International\/wp-json\/wp\/v2\/media?parent=76174"}],"wp:term":[{"taxonomy":"category","embeddable":true,"href":"https:\/\/linitiative.ca\/International\/wp-json\/wp\/v2\/categories?post=76174"},{"taxonomy":"post_tag","embeddable":true,"href":"https:\/\/linitiative.ca\/International\/wp-json\/wp\/v2\/tags?post=76174"}],"curies":[{"name":"wp","href":"https:\/\/api.w.org\/{rel}","templated":true}]}}