{"id":76176,"date":"2020-02-15T15:14:29","date_gmt":"2020-02-15T20:14:29","guid":{"rendered":"https:\/\/linitiative.ca\/International\/pros-benjamin-lecomte-cest-bien-de-pouvoir-compter-sur-une-joueur-comme-slimani\/"},"modified":"2020-02-15T15:14:29","modified_gmt":"2020-02-15T20:14:29","slug":"pros-benjamin-lecomte-cest-bien-de-pouvoir-compter-sur-une-joueur-comme-slimani","status":"publish","type":"post","link":"https:\/\/linitiative.ca\/International\/pros-benjamin-lecomte-cest-bien-de-pouvoir-compter-sur-une-joueur-comme-slimani\/","title":{"rendered":"Pros : Benjamin Lecomte : \u00abC\u2019est bien de pouvoir compter sur une joueur comme Slimani\u00bb"},"content":{"rendered":"<div readability=\"32\">\n<p>Auteur : <span>Riad O.<\/span> <span class=\"time\">samedi 15 f\u00e9vrier 2020 18:12<\/span><\/p>\n<\/div>\n<div id=\"post_core\" readability=\"43\">\n<p>L\u2019attaquant Alg\u00e9rien de l\u2019AS Monaco, Islam Slimani a eu droit, aussi, aux \u00e9loges de son co\u00e9quipier et gardien de but, Benjamin Lecomte. Ce dernier n\u2019a pas tari d\u2019\u00e9loges sur le buteur de l\u2019EN apr\u00e8s avoir r\u00e9ussi \u00e0 offrir la victoire aux siens face \u00e0 Montpellier:\u00a0\u00ab\u00c7a fait 2 matchs et 2 buts. Il est en forme, c&rsquo;est un gar\u00e7on qui est l\u00e0 pour le collectif, qui s&rsquo;entra\u00eene, qui donne tout sur le terrain, on l&rsquo;a encore vu ce soir (vendredi) et il est d\u00e9cisif. C&rsquo;est bien de pouvoir compter sur des joueurs comme \u00e7a.\u00bb s\u2019est r\u00e9joui le portier mon\u00e9gasque sur Canal+ Sport.<\/p>\n<p><strong>Publi\u00e9 dans :<\/strong> <span>slimani<\/span><\/p>\n<\/div>\n<p>Auteur:<br \/>\n<a href=\"http:\/\/www.lebuteur.com\/article\/detail?titre=benjamin-lecomte-cest-bien-de-pouvoir-compter-sur-une-joueur-comme-slimani&#038;id=94821&#038;utm_source=feedburner&#038;utm_medium=feed&#038;utm_campaign=Feed%3A+GalerieFArtciles+%28Les+derniers+articles++-+lebuteur.com%29\">Cliquez ici pour lire l&rsquo;article depuis sa source.<\/a><\/p>\n","protected":false},"excerpt":{"rendered":"<p>Auteur : Riad O. samedi 15 f\u00e9vrier 2020 18:12 L\u2019attaquant Alg\u00e9rien de l\u2019AS Monaco, Islam Slimani a eu droit, aussi, aux \u00e9loges de son co\u00e9quipier et gardien de but, Benjamin Lecomte. Ce dernier n\u2019a pas tari d\u2019\u00e9loges sur le buteur de l\u2019EN apr\u00e8s avoir r\u00e9ussi \u00e0 offrir la victoire aux siens face \u00e0 Montpellier:\u00a0\u00ab\u00c7a fait [&hellip;]<\/p>\n","protected":false},"author":1738,"featured_media":76177,"comment_status":"closed","ping_status":"closed","sticky":false,"template":"","format":"standard","meta":{"fifu_image_url":"","fifu_image_alt":"","footnotes":""},"categories":[53,75],"tags":[],"class_list":["post-76176","post","type-post","status-publish","format-standard","has-post-thumbnail","hentry","category-algerie","category-sport"],"_links":{"self":[{"href":"https:\/\/linitiative.ca\/International\/wp-json\/wp\/v2\/posts\/76176","targetHints":{"allow":["GET"]}}],"collection":[{"href":"https:\/\/linitiative.ca\/International\/wp-json\/wp\/v2\/posts"}],"about":[{"href":"https:\/\/linitiative.ca\/International\/wp-json\/wp\/v2\/types\/post"}],"author":[{"embeddable":true,"href":"https:\/\/linitiative.ca\/International\/wp-json\/wp\/v2\/users\/1738"}],"replies":[{"embeddable":true,"href":"https:\/\/linitiative.ca\/International\/wp-json\/wp\/v2\/comments?post=76176"}],"version-history":[{"count":0,"href":"https:\/\/linitiative.ca\/International\/wp-json\/wp\/v2\/posts\/76176\/revisions"}],"wp:featuredmedia":[{"embeddable":true,"href":"https:\/\/linitiative.ca\/International\/wp-json\/"}],"wp:attachment":[{"href":"https:\/\/linitiative.ca\/International\/wp-json\/wp\/v2\/media?parent=76176"}],"wp:term":[{"taxonomy":"category","embeddable":true,"href":"https:\/\/linitiative.ca\/International\/wp-json\/wp\/v2\/categories?post=76176"},{"taxonomy":"post_tag","embeddable":true,"href":"https:\/\/linitiative.ca\/International\/wp-json\/wp\/v2\/tags?post=76176"}],"curies":[{"name":"wp","href":"https:\/\/api.w.org\/{rel}","templated":true}]}}