{"id":76178,"date":"2020-02-15T15:14:31","date_gmt":"2020-02-15T20:14:31","guid":{"rendered":"https:\/\/linitiative.ca\/International\/pros-bennacer-evoque-sa-relation-avec-ibra\/"},"modified":"2020-02-15T15:14:31","modified_gmt":"2020-02-15T20:14:31","slug":"pros-bennacer-evoque-sa-relation-avec-ibra","status":"publish","type":"post","link":"https:\/\/linitiative.ca\/International\/pros-bennacer-evoque-sa-relation-avec-ibra\/","title":{"rendered":"Pros : Bennacer \u00e9voque sa relation avec Ibra"},"content":{"rendered":"<div readability=\"32\">\n<p>Auteur : <span>Riad O.<\/span> <span class=\"time\">samedi 15 f\u00e9vrier 2020 18:59<\/span><\/p>\n<\/div>\n<div id=\"post_core\" readability=\"39\">\n<p>Le joueur milieu de terrain Alg\u00e9rien du Milan AC, Isma\u00ebl Bennacer s\u2019est confi\u00e9 sur sa relation avec la star de l\u2019\u00e9quipe, Zlatan Ibrahimovic\u00a0:\u00a0\u00abC\u2019est un champion. Il (Ibrahimovic) donne toujours le meilleur de lui-m\u00eame et attend toujours le meilleur de tous ses co\u00e9quipiers sur le terrain.\u00bb a-t-il d\u00e9clar\u00e9 \u00e0 SkySports, avant d\u2019ajouter\u00a0:\u00a0\u00abZlatan ne vient pas me f\u00e9liciter si je fais bien les choses sur le terrain. Il me bl\u00e2me si je commets une erreur. Cela est valable pour tous les joueurs. Il nous aide beaucoup. Lorsque vous poss\u00e9dez dans votre \u00e9quipe un champion comme lui, il vous aide \u00e0 aller vers l\u2019avant.\u00bb<\/p>\n<p><strong>Publi\u00e9 dans :<\/strong> <span>BENNACER<\/span><\/p>\n<\/div>\n<p>Auteur:<br \/>\n<a href=\"http:\/\/www.lebuteur.com\/article\/detail?titre=bennacer-evoque-sa-relation-avec-ibra&#038;id=94822&#038;utm_source=feedburner&#038;utm_medium=feed&#038;utm_campaign=Feed%3A+GalerieFArtciles+%28Les+derniers+articles++-+lebuteur.com%29\">Cliquez ici pour lire l&rsquo;article depuis sa source.<\/a><\/p>\n","protected":false},"excerpt":{"rendered":"<p>Auteur : Riad O. samedi 15 f\u00e9vrier 2020 18:59 Le joueur milieu de terrain Alg\u00e9rien du Milan AC, Isma\u00ebl Bennacer s\u2019est confi\u00e9 sur sa relation avec la star de l\u2019\u00e9quipe, Zlatan Ibrahimovic\u00a0:\u00a0\u00abC\u2019est un champion. Il (Ibrahimovic) donne toujours le meilleur de lui-m\u00eame et attend toujours le meilleur de tous ses co\u00e9quipiers sur le terrain.\u00bb a-t-il [&hellip;]<\/p>\n","protected":false},"author":1738,"featured_media":76179,"comment_status":"closed","ping_status":"closed","sticky":false,"template":"","format":"standard","meta":{"fifu_image_url":"","fifu_image_alt":"","footnotes":""},"categories":[53,75],"tags":[],"class_list":["post-76178","post","type-post","status-publish","format-standard","has-post-thumbnail","hentry","category-algerie","category-sport"],"_links":{"self":[{"href":"https:\/\/linitiative.ca\/International\/wp-json\/wp\/v2\/posts\/76178","targetHints":{"allow":["GET"]}}],"collection":[{"href":"https:\/\/linitiative.ca\/International\/wp-json\/wp\/v2\/posts"}],"about":[{"href":"https:\/\/linitiative.ca\/International\/wp-json\/wp\/v2\/types\/post"}],"author":[{"embeddable":true,"href":"https:\/\/linitiative.ca\/International\/wp-json\/wp\/v2\/users\/1738"}],"replies":[{"embeddable":true,"href":"https:\/\/linitiative.ca\/International\/wp-json\/wp\/v2\/comments?post=76178"}],"version-history":[{"count":0,"href":"https:\/\/linitiative.ca\/International\/wp-json\/wp\/v2\/posts\/76178\/revisions"}],"wp:featuredmedia":[{"embeddable":true,"href":"https:\/\/linitiative.ca\/International\/wp-json\/"}],"wp:attachment":[{"href":"https:\/\/linitiative.ca\/International\/wp-json\/wp\/v2\/media?parent=76178"}],"wp:term":[{"taxonomy":"category","embeddable":true,"href":"https:\/\/linitiative.ca\/International\/wp-json\/wp\/v2\/categories?post=76178"},{"taxonomy":"post_tag","embeddable":true,"href":"https:\/\/linitiative.ca\/International\/wp-json\/wp\/v2\/tags?post=76178"}],"curies":[{"name":"wp","href":"https:\/\/api.w.org\/{rel}","templated":true}]}}