{"id":76180,"date":"2020-02-15T15:14:33","date_gmt":"2020-02-15T20:14:33","guid":{"rendered":"https:\/\/linitiative.ca\/International\/international-ce-cador-europeen-qui-veut-profiter-de-la-sanction-de-man-city-pour-chiper-mahrez\/"},"modified":"2020-02-15T15:14:33","modified_gmt":"2020-02-15T20:14:33","slug":"international-ce-cador-europeen-qui-veut-profiter-de-la-sanction-de-man-city-pour-chiper-mahrez","status":"publish","type":"post","link":"https:\/\/linitiative.ca\/International\/international-ce-cador-europeen-qui-veut-profiter-de-la-sanction-de-man-city-pour-chiper-mahrez\/","title":{"rendered":"International : Ce cador europ\u00e9en qui veut profiter de la sanction de Man City pour chiper Mahrez"},"content":{"rendered":"<div readability=\"32\">\n<p>Auteur : <span class=\"time\">samedi 15 f\u00e9vrier 2020 19:03<\/span><\/p>\n<\/div>\n<div id=\"post_core\" readability=\"37\">\n<p>A en croire le site, ESPN la direction du Bar\u00e7a veut tirer profit de la sanction qui a \u00e9t\u00e9 inflig\u00e9 par l\u2019UEFA \u00e0 Manchester City afin d\u2019enr\u00f4ler Aguero et Mahrez l\u2019\u00e9t\u00e9 prochain. Selon la m\u00eame source toujours, le Bar\u00e7a serait tr\u00e8s int\u00e9ress\u00e9 par le recrutement de ces deux joueurs l\u2019\u00e9t\u00e9 prochain. Rappelons que Manchester City est interdit de participation \u00e0 une comp\u00e9tition europ\u00e9enne pour deux saisons.<\/p>\n<p><strong>Publi\u00e9 dans :<\/strong> <span>Mahrez<\/span><\/p>\n<\/div>\n<p>Auteur:<br \/>\n<a href=\"http:\/\/www.lebuteur.com\/article\/detail?titre=ce-cador-europeen-qui-veut-profiter-de-la-sanction-de-man-city-pour-chiper-mahrez&#038;id=94823&#038;utm_source=feedburner&#038;utm_medium=feed&#038;utm_campaign=Feed%3A+GalerieFArtciles+%28Les+derniers+articles++-+lebuteur.com%29\">Cliquez ici pour lire l&rsquo;article depuis sa source.<\/a><\/p>\n","protected":false},"excerpt":{"rendered":"<p>Auteur : samedi 15 f\u00e9vrier 2020 19:03 A en croire le site, ESPN la direction du Bar\u00e7a veut tirer profit de la sanction qui a \u00e9t\u00e9 inflig\u00e9 par l\u2019UEFA \u00e0 Manchester City afin d\u2019enr\u00f4ler Aguero et Mahrez l\u2019\u00e9t\u00e9 prochain. Selon la m\u00eame source toujours, le Bar\u00e7a serait tr\u00e8s int\u00e9ress\u00e9 par le recrutement de ces deux [&hellip;]<\/p>\n","protected":false},"author":1738,"featured_media":76181,"comment_status":"closed","ping_status":"closed","sticky":false,"template":"","format":"standard","meta":{"fifu_image_url":"","fifu_image_alt":"","footnotes":""},"categories":[53,75],"tags":[],"class_list":["post-76180","post","type-post","status-publish","format-standard","has-post-thumbnail","hentry","category-algerie","category-sport"],"_links":{"self":[{"href":"https:\/\/linitiative.ca\/International\/wp-json\/wp\/v2\/posts\/76180","targetHints":{"allow":["GET"]}}],"collection":[{"href":"https:\/\/linitiative.ca\/International\/wp-json\/wp\/v2\/posts"}],"about":[{"href":"https:\/\/linitiative.ca\/International\/wp-json\/wp\/v2\/types\/post"}],"author":[{"embeddable":true,"href":"https:\/\/linitiative.ca\/International\/wp-json\/wp\/v2\/users\/1738"}],"replies":[{"embeddable":true,"href":"https:\/\/linitiative.ca\/International\/wp-json\/wp\/v2\/comments?post=76180"}],"version-history":[{"count":0,"href":"https:\/\/linitiative.ca\/International\/wp-json\/wp\/v2\/posts\/76180\/revisions"}],"wp:featuredmedia":[{"embeddable":true,"href":"https:\/\/linitiative.ca\/International\/wp-json\/"}],"wp:attachment":[{"href":"https:\/\/linitiative.ca\/International\/wp-json\/wp\/v2\/media?parent=76180"}],"wp:term":[{"taxonomy":"category","embeddable":true,"href":"https:\/\/linitiative.ca\/International\/wp-json\/wp\/v2\/categories?post=76180"},{"taxonomy":"post_tag","embeddable":true,"href":"https:\/\/linitiative.ca\/International\/wp-json\/wp\/v2\/tags?post=76180"}],"curies":[{"name":"wp","href":"https:\/\/api.w.org\/{rel}","templated":true}]}}