{"id":76186,"date":"2020-02-15T15:19:16","date_gmt":"2020-02-15T20:19:16","guid":{"rendered":"https:\/\/linitiative.ca\/International\/koshiki-enfin-une-federation-propre-a-la-specialite\/"},"modified":"2020-02-15T15:19:16","modified_gmt":"2020-02-15T20:19:16","slug":"koshiki-enfin-une-federation-propre-a-la-specialite","status":"publish","type":"post","link":"https:\/\/linitiative.ca\/International\/koshiki-enfin-une-federation-propre-a-la-specialite\/","title":{"rendered":"Koshiki :  Enfin une f\u00e9d\u00e9ration propre \u00e0 la sp\u00e9cialit\u00e9"},"content":{"rendered":"<p>Cela avec des exercices de d\u00e9monstration conduits par des experts en la mati\u00e8re, avec le DTN, Ayad Dekkar, et la charg\u00e9e du d\u00e9veloppement de ce sport pour les f\u00e9minines, Nassima Snani.\u00a0<\/p>\n<div readability=\"130\">\n<p>Tout cela, en pr\u00e9sence du pr\u00e9sident de la FAKO, Salah Daoud et des membres du bureau de l\u2019instance, ainsi que d\u2019autres coaches sp\u00e9cialis\u00e9s en Koshiki. Pour les kata et kumiti, il y avait des pratiquants des deux sexes et de tous \u00e2ges pour les d\u00e9monstrations. Cela s\u2019est fait dans une ambiance conviviale et apais\u00e9e. Tout le monde \u00e9tait content de voir enfin na\u00eetre cette f\u00e9d\u00e9ration sp\u00e9cialis\u00e9e dans le karat\u00e9 koshiki. Nous avons profit\u00e9 de l\u2019occasion pour nous approcher du pr\u00e9sident de la FAKO, Salah Daoud, et avoir une id\u00e9e sur les ambitions et objectifs de l\u2019\u00e9quipe dirigeante de l\u2019instance en question sur le court, moyen et long terme.<\/p>\n<p>Il nous dira d\u2019embl\u00e9e\u2008: \u00abNotre but, c\u2019est de mettre sur rail la maison Koshiki et commencer \u00e0 cr\u00e9er tout d\u2019abord les diff\u00e9rentes commissions en rapport avec le travail et la mission de la f\u00e9d\u00e9ration qu\u2019on dirige, telles, la commission de grades, la commission d\u2019arbitrage, la commission charg\u00e9e des comp\u00e9titions. Incha Allah, on va terminer la saison qui tire \u00e0 sa fin et mettre en place un programme bien d\u00e9termin\u00e9 qui r\u00e9pond aux aspirations de la discipline qu\u2019il nous tient \u00e0 c\u0153ur de d\u00e9velopper dans notre pays encore plus et des athl\u00e8tes qui aiment ce sport.\u00a0<\/p>\n<p>On veut faire retrouver au Koshiki la place qui \u00e9tait sienne par le pass\u00e9 dans les arts martiaux en Alg\u00e9rie et au niveau mondial. On avait beaucoup d\u2019athl\u00e8tes de haut niveau, des champions du monde de surcroit. Tels Ayad Dekkar, trois fois champion du monde. Le fondateur Allah yarahmou, Mourad El-Ouali et sa s\u0153ur, Karim Ch\u00e9rif de Blida, Kamel Guerni et d\u2019autres qui ont atteint le haut niveau mondial avec des cons\u00e9crations. Nous regroupons au sein de la FAKO, un maximum de comp\u00e9tences pour pouvoir appliquer concr\u00e8tement sur le terrain, notre projet d\u2019avenir pour la discipline, notre programme et plan de travail. A chacun a \u00e9t\u00e9 confi\u00e9 un poste. On va commencer aussi par cr\u00e9er des Ligues dont la premi\u00e8re \u00e0 Oum El-Bouaghi et ensuite dans 18 autres wilaya dans un premier temps\u00bb. Pour ce qui est des objectifs de la FAKO, Salah Daoud, affirme: \u00abNos objectifs sont multiples. D\u2019abord, la formation d\u2019une nouvelle g\u00e9n\u00e9ration qui sera appel\u00e9e \u00e0 connaitre le haut niveau, pour \u00e9lever le niveau de nos comp\u00e9titions nationales et repr\u00e9senter du mieux le Koshiki alg\u00e9rien dans les grandes comp\u00e9titions mondiales, continentales ou r\u00e9gionales. Aussi, on fera en sorte de promouvoir la pratique du Koshiki sur l\u2019ensemble du territoire national, avec un regard particulier sur le sud du pays, o\u00f9 le potentiel est \u00e9norme, comme on a pu s\u2019en apercevoir lors des diff\u00e9rentes comp\u00e9titions que nous avons pu suivre de pr\u00e8s\u00bb.\u00a0<\/p>\n<p>Le pr\u00e9sident, a fait savoir qu\u2019environ 60 clubs, avec un total avoisinant les 800 \u00e0 1.000 athl\u00e8tes existent et pratiquent le karat\u00e9 koshiki, qui a fait ses racines en Alg\u00e9rie en 1989. Il ajoute : \u00abOn \u00e9tait une commission sous la tutelle de la F\u00e9d\u00e9ration alg\u00e9rienne de Karat\u00e9. Comme cette f\u00e9d\u00e9ration a connu beaucoup de probl\u00e8me, cela s\u2019est r\u00e9percut\u00e9 aussi sur nous. On g\u00e9rait avec nos propres moyens. A pr\u00e9sent, nous sommes une f\u00e9d\u00e9ration en bonne et due forme, cela boostera la discipline et nous veilleront \u00e0 ce qu\u2019elle connaisse un plein succ\u00e8s. La p\u00e2te existe. C\u2019est un grand soulagement que d\u2019avoir une f\u00e9d\u00e9ration propre au Karat\u00e9 Koshiki. A pr\u00e9sent, mettons-nous au travail\u00bb.\u00a0<\/p>\n<p><strong>S\u00e9minaires, cycles de formation et programme ambitieux<\/strong><\/p>\n<p>Le directeur technique national, 6e dan ramen\u00e9e du Japon en 2017 et plusieurs fois champion du monde de Koshiki,\u00a0 capitaine de l\u2019EN pendant des ann\u00e9es,\u00a0 Ayad Dekkar, sollicit\u00e9 par nos soins, a tenu \u00e0 indiquer en marge de la c\u00e9r\u00e9monie, en r\u00e9ponse \u00e0 nos questions : \u00abOn a organis\u00e9 cette c\u00e9r\u00e9monie pour r\u00e9unir la famille du Karat\u00e9 Koshiki et faire en sorte que cette discipline que nous pratiquons et que nous aimons, puisse prendre un nouveau d\u00e9part dans la joie, avec la cr\u00e9ation de la F\u00e9d\u00e9ration alg\u00e9rienne de Koshiki.<\/p>\n<p>Un \u00e9v\u00e8nement que nous attendions depuis d\u00e9j\u00e0 quelques ann\u00e9es. Faire aussi en sorte que les gens se rencontrent et fassent connaissance. On va pr\u00e9parer comme il se doit la saison prochaine et entre temps, on va organiser des comp\u00e9titions dans les jeunes cat\u00e9gories benjamins, minimes, cadets, juniors afin de marquer le coup, du moment que la saison tire \u00e0 sa fin. Nous avons un plan d\u2019actions et un programme s\u00e9rieux que nous nous attelerons \u00e0 mettre en \u0153uvre. On existe aussi au sein de notre programme des cycles de formations \u00e0 tous les niveaux, stages techniques, s\u00e9minaires, pour la mise \u00e0 niveau de l\u2019ensemble des acteurs de la discipline, tels les entra\u00eeneurs, les arbitres, etc. Il faut des dipl\u00f4mes aussi pour occuper des postes et encadrer les athl\u00e8tes.\u00a0<\/p>\n<p>Nous avons une vision, des id\u00e9es bien d\u00e9termin\u00e9es et de l\u2019exp\u00e9rience, notamment pour s\u2019\u00eatre frott\u00e9 au niveau mondial. En tant que DTN, je tiens \u00e0 remplir ma mission de la meilleure des mani\u00e8res. En pratiquant une discipline bas\u00e9e sur l\u2019aspect technique, nous ferons en sorte de le relever. On veut former des champions. C\u2019est un chantier qui nous attend. Nous voulons un travail de qualit\u00e9 o\u00f9 rien n\u2019est laiss\u00e9 au hasard pour le long terme. Il faut qu\u2019un travail de rigueur se fasse au niveau des clubs, avec des encadreurs que nous suivront et auxquels nous d\u00e9cernerons le feu vert pour entra\u00eener. Nous voulons des entraineurs qualifi\u00e9s, que nous veilleront \u00e0 former \u00e0 travers les diff\u00e9rents s\u00e9minaires et cycles de formation avec un programme unifi\u00e9. Les meilleurs athl\u00e8tes seront appel\u00e9s en \u00e9quipe nationale. On va s\u2019investir sur l\u2019ensemble du territoire national, notamment au sud du pays, qui renferme un potentiel \u00e9norme\u00bb.\u00a0<\/p>\n<p><strong>La gent f\u00e9minine n\u2019est pas en reste<\/strong><\/p>\n<p>Les responsables de la FAKO tiennent \u00e0 ce que la gente f\u00e9minine fasse aussi partie de la grande famille du Koshiki. A cet effet, nous avons eu une conversation avec Nassima Snani,\u00a0 3e dan en Koshiki, plusieurs fois championne d\u2019Alg\u00e9rie, charg\u00e9e du d\u00e9veloppement du Koshiki dans le sport f\u00e9minin. Elle lancera d\u2019embl\u00e9e : \u00abOn est content de voir naitre enfin la f\u00e9d\u00e9ration alg\u00e9rienne de Koshiki. On retrousse les manches pour servir ce sport. Beaucoup d\u2019enfants filles et gar\u00e7ons affluent pour la pratique du Koshiki.<\/p>\n<p>Personnellement, je suis charg\u00e9 par la f\u00e9d\u00e9ration du d\u00e9veloppement de sa pratique au niveau f\u00e9minin. On fera de la promotion et de la prospection au niveau de l\u2019ensemble des wilayas du pays, pour d\u00e9velopper cette discipline, autant chez les gar\u00e7ons que chez les filles. On veut voir \u00e0 l\u2019avenir des filles de haut niveau s\u2019illustrer et obtenir, pourquoi pas, des titres mondiaux\u00bb. En somme, une belle matin\u00e9e o\u00f9 s\u2019est retrouv\u00e9e dans la joie et le bonheur la famille du Karat\u00e9 Koshiki, qui veut relever les grands d\u00e9fis de demain.<\/p>\n<p><strong>Mohamed-Amine Azzouz<\/strong><\/p>\n<\/div>\n<p>Auteur: elmoudjahid<br \/>\n<a href=\"http:\/\/www.elmoudjahid.com\/fr\/actualites\/148438\">Cliquez ici pour lire l&rsquo;article depuis sa source.<\/a><\/p>\n","protected":false},"excerpt":{"rendered":"<p>Cela avec des exercices de d\u00e9monstration conduits par des experts en la mati\u00e8re, avec le DTN, Ayad Dekkar, et la charg\u00e9e du d\u00e9veloppement de ce sport pour les f\u00e9minines, Nassima Snani.\u00a0 Tout cela, en pr\u00e9sence du pr\u00e9sident de la FAKO, Salah Daoud et des membres du bureau de l\u2019instance, ainsi que d\u2019autres coaches sp\u00e9cialis\u00e9s en [&hellip;]<\/p>\n","protected":false},"author":1744,"featured_media":0,"comment_status":"closed","ping_status":"closed","sticky":false,"template":"","format":"standard","meta":{"fifu_image_url":"","fifu_image_alt":"","footnotes":""},"categories":[73,53],"tags":[],"class_list":["post-76186","post","type-post","status-publish","format-standard","hentry","category-actualite","category-algerie"],"_links":{"self":[{"href":"https:\/\/linitiative.ca\/International\/wp-json\/wp\/v2\/posts\/76186","targetHints":{"allow":["GET"]}}],"collection":[{"href":"https:\/\/linitiative.ca\/International\/wp-json\/wp\/v2\/posts"}],"about":[{"href":"https:\/\/linitiative.ca\/International\/wp-json\/wp\/v2\/types\/post"}],"author":[{"embeddable":true,"href":"https:\/\/linitiative.ca\/International\/wp-json\/wp\/v2\/users\/1744"}],"replies":[{"embeddable":true,"href":"https:\/\/linitiative.ca\/International\/wp-json\/wp\/v2\/comments?post=76186"}],"version-history":[{"count":0,"href":"https:\/\/linitiative.ca\/International\/wp-json\/wp\/v2\/posts\/76186\/revisions"}],"wp:attachment":[{"href":"https:\/\/linitiative.ca\/International\/wp-json\/wp\/v2\/media?parent=76186"}],"wp:term":[{"taxonomy":"category","embeddable":true,"href":"https:\/\/linitiative.ca\/International\/wp-json\/wp\/v2\/categories?post=76186"},{"taxonomy":"post_tag","embeddable":true,"href":"https:\/\/linitiative.ca\/International\/wp-json\/wp\/v2\/tags?post=76186"}],"curies":[{"name":"wp","href":"https:\/\/api.w.org\/{rel}","templated":true}]}}