{"id":76187,"date":"2020-02-14T11:47:07","date_gmt":"2020-02-14T16:47:07","guid":{"rendered":"https:\/\/linitiative.ca\/International\/101640-football-zetchi-favorable-a-une-can-tous-les-4-ans\/"},"modified":"2020-02-14T11:47:07","modified_gmt":"2020-02-14T16:47:07","slug":"101640-football-zetchi-favorable-a-une-can-tous-les-4-ans","status":"publish","type":"post","link":"https:\/\/linitiative.ca\/International\/101640-football-zetchi-favorable-a-une-can-tous-les-4-ans\/","title":{"rendered":"Football : Zetchi favorable \u00e0 une CAN tous les 4 ans"},"content":{"rendered":"<div readability=\"35\">\n<p><strong>ALGER- Le pr\u00e9sident de la F\u00e9d\u00e9ration alg\u00e9rienne de football (FAF) souhaite une Coupe d&rsquo;Afrique des Nations tous les quatre ans comme pr\u00e9conis\u00e9e par le patron de l&rsquo;instance internationale, Gianni\u00a0Infantino.<\/strong><\/p>\n<\/div>\n<div readability=\"71\">\n<p>\u00a0Je suis d\u2019avis d\u2019organiser la CAN tous les 4 ans et je l\u2019ai d\u00e9j\u00e0 dit avant \u00e0 la Radio alg\u00e9rienne. On est pour une CAN tous les quatre ans \u00e0 condition que le cahier des charges soit plus exigeant que ce qu\u2019il est\u00a0aujourd\u2019hui \u00ab\u00a0, a d\u00e9clar\u00e9 Zetchi pour FAF TV.<\/p>\n<p>Le pr\u00e9sident de la Fifa, Gianni Infantino, avait pr\u00e9conis\u00e9 r\u00e9cemment \u00e0 Rabat d&rsquo;organiser la CAN tous les quatre ans dans le but de \u00ab\u00a0la rendre plus commercialement viable et attrayante \u00e0 l&rsquo;\u00e9chelle mondiale\u00a0\u00bb.<\/p>\n<blockquote readability=\"12\">\n<p><em><strong>\u00ab\u00a0La Coupe d&rsquo;Afrique g\u00e9n\u00e8re aujourd&rsquo;hui 20 fois moins que le Championnat d&rsquo;Europe des nations et en mati\u00e8re d&rsquo;infrastructures, je n&rsquo;ai jamais vu lors de mes voyages des stades modernes. Il ne faut pas attendre une CAN pour construire un stade, il faut le faire et on va aider l&rsquo;Afrique sur ce point\u00a0\u00bb, avait soutenu l&rsquo;homme fort de la Fifa, lors d&rsquo;un s\u00e9minaire sur le d\u00e9veloppement des infrastructures footballistiques dans le continent africain organis\u00e9 au Maroc.<\/strong><\/em><\/p>\n<\/blockquote>\n<p>Pour l&rsquo;ancien pr\u00e9sident du Paradou AC, une comp\u00e9tition tous les deux ans constitue une sorte d&rsquo;\u00e9chec pour ce tournoi majeur :\u00a0\u00bb La CAN tous les deux ans, pour moi, c\u2019est une sorte d\u2019\u00e9chec pour cette comp\u00e9tition. La v\u00e9ritable raison est que cette CAN est un gouffre financier pour les pays organisateurs. On voit tr\u00e8s souvent une comp\u00e9tition sans public, mis \u00e0 part les matches qui concernent le pays h\u00f4te, ou les matches \u00e0 partir des quarts de finale. Sur le plan \u00e9conomique, c\u2019est tr\u00e8s limit\u00e9 \u00ab\u00a0, a t-il expliqu\u00e9.<\/p>\n<p>Le premier responsable de l&rsquo;instance f\u00e9d\u00e9rale souhaite cependant qu&rsquo;en cas de changement de sa p\u00e9riodicit\u00e9, le tournoi soit organis\u00e9 l&rsquo;ann\u00e9e ou il n&rsquo;est pr\u00e9vu aucune autre comp\u00e9tition majeure.<\/p>\n<blockquote readability=\"12\">\n<p><em><strong>\u00ab\u00a0En cas de passage de cette comp\u00e9tition \u00e0 une p\u00e9riodicit\u00e9 de tous les quatre ans, je propose qu\u2019elle ne se joue pas une ann\u00e9e o\u00f9 se tient une autre comp\u00e9tition majeure comme la Coupe du monde ou l\u2019Euro. Comme \u00e7a, la CAN deviendra le grand \u00e9v\u00e9nement majeur de l\u2019ann\u00e9e en question, ce qui va\u00a0rapporter beaucoup plus \u00e0 la Conf\u00e9d\u00e9ration africaine de football et donnera plus de temps au pays organisateur pour bien pr\u00e9parer sa comp\u00e9tition\u00a0\u00bb, argumente Khe\u00efreddine Zetchi.<\/strong><\/em><\/p>\n<\/blockquote>\n<p>La derni\u00e8re CAN s&rsquo;est d\u00e9roul\u00e9e l&rsquo;\u00e9t\u00e9 dernier en Egypte et avait \u00e9t\u00e9 remport\u00e9e par la s\u00e9lection alg\u00e9rienne face au S\u00e9n\u00e9gal 1-0). La prochaine CAN se d\u00e9roulera au Cameroun du 9 janvier au 6 f\u00e9vrier\u00a0 2021.<\/p>\n<\/div>\n<p>Auteur:<br \/>\n<a href=\"http:\/\/www.aps.dz\/sport\/101640-football-zetchi-favorable-a-une-can-tous-les-4-ans?utm_source=feedburner&#038;utm_medium=feed&#038;utm_campaign=Feed%3A+aps-sport+%28APS+-+SPORT%29\">Cliquez ici pour lire l&rsquo;article depuis sa source.<\/a><\/p>\n","protected":false},"excerpt":{"rendered":"<p>ALGER- Le pr\u00e9sident de la F\u00e9d\u00e9ration alg\u00e9rienne de football (FAF) souhaite une Coupe d&rsquo;Afrique des Nations tous les quatre ans comme pr\u00e9conis\u00e9e par le patron de l&rsquo;instance internationale, Gianni\u00a0Infantino. \u00a0Je suis d\u2019avis d\u2019organiser la CAN tous les 4 ans et je l\u2019ai d\u00e9j\u00e0 dit avant \u00e0 la Radio alg\u00e9rienne. On est pour une CAN tous [&hellip;]<\/p>\n","protected":false},"author":1790,"featured_media":0,"comment_status":"closed","ping_status":"closed","sticky":false,"template":"","format":"standard","meta":{"fifu_image_url":"","fifu_image_alt":"","footnotes":""},"categories":[53,75],"tags":[],"class_list":["post-76187","post","type-post","status-publish","format-standard","hentry","category-algerie","category-sport"],"_links":{"self":[{"href":"https:\/\/linitiative.ca\/International\/wp-json\/wp\/v2\/posts\/76187","targetHints":{"allow":["GET"]}}],"collection":[{"href":"https:\/\/linitiative.ca\/International\/wp-json\/wp\/v2\/posts"}],"about":[{"href":"https:\/\/linitiative.ca\/International\/wp-json\/wp\/v2\/types\/post"}],"author":[{"embeddable":true,"href":"https:\/\/linitiative.ca\/International\/wp-json\/wp\/v2\/users\/1790"}],"replies":[{"embeddable":true,"href":"https:\/\/linitiative.ca\/International\/wp-json\/wp\/v2\/comments?post=76187"}],"version-history":[{"count":0,"href":"https:\/\/linitiative.ca\/International\/wp-json\/wp\/v2\/posts\/76187\/revisions"}],"wp:attachment":[{"href":"https:\/\/linitiative.ca\/International\/wp-json\/wp\/v2\/media?parent=76187"}],"wp:term":[{"taxonomy":"category","embeddable":true,"href":"https:\/\/linitiative.ca\/International\/wp-json\/wp\/v2\/categories?post=76187"},{"taxonomy":"post_tag","embeddable":true,"href":"https:\/\/linitiative.ca\/International\/wp-json\/wp\/v2\/tags?post=76187"}],"curies":[{"name":"wp","href":"https:\/\/api.w.org\/{rel}","templated":true}]}}